{"id":357042,"date":"2025-08-31T20:43:29","date_gmt":"2025-08-31T20:43:29","guid":{"rendered":"https:\/\/www.europesays.com\/fr\/357042\/"},"modified":"2025-08-31T20:43:29","modified_gmt":"2025-08-31T20:43:29","slug":"le-plan-americain-pour-lapres-guerre-prevoit-de-deplacer-toute-la-population-revele-le-washington-post","status":"publish","type":"post","link":"https:\/\/www.europesays.com\/fr\/357042\/","title":{"rendered":"le plan am\u00e9ricain pour l&rsquo;apr\u00e8s-guerre pr\u00e9voit de d\u00e9placer toute la population, r\u00e9v\u00e8le le Washington Post"},"content":{"rendered":"<p>Le plan de 38 pages envisage le d\u00e9placement \u00abvolontaire\u00bb des quelque deux millions d\u2019habitants de Gaza vers d\u2019autres pays ou dans des zones s\u00e9curis\u00e9es \u00e0 l\u2019int\u00e9rieur du territoire d\u00e9vast\u00e9 par pr\u00e8s de deux ans de guerre, le temps de sa reconstruction.<\/p>\n<p class=\"fig-paragraph\">Le\u00a0<a href=\"http:\/\/www.lefigaro.fr\/flash-actu\/gaza-israel-dit-soutenir-pleinement-le-plan-americain-pour-l-aide-humanitaire-20250511\" target=\"_blank\" data-fig-type=\"NewsFlash\" rel=\"noopener nofollow\" data-gtm-custom-categorie=\"navigation\" data-gtm-custom-action=\"crossclick\" data-gtm-custom-label=\"Contextuel\" data-gtm-event=\"customEventSPE\" data-fig-domain=\"LEFIGARO\">plan des \u00c9tats-Unis<\/a>\u00a0pour l&rsquo;apr\u00e8s-guerre \u00e0 Gaza pr\u00e9voit de d\u00e9placer toute la population du territoire palestinien, qui serait plac\u00e9 sous administration am\u00e9ricaine pendant dix ans pour le transformer en un centre touristique et technologique, rapporte dimanche le\u00a0<a href=\"https:\/\/www.washingtonpost.com\/national-security\/2025\/08\/31\/trump-gaza-plan-riviera-relocation\/\" target=\"_blank\" rel=\"sponsored noopener nofollow\" data-gtm-custom-categorie=\"navigation\" data-gtm-custom-action=\"crossclick\" data-gtm-custom-label=\"Contextuel\" data-gtm-event=\"customEventSPE\">Washington Post<\/a> .<\/p>\n<p class=\"fig-paragraph\">Le plan de 38 pages, consult\u00e9 par le quotidien am\u00e9ricain, envisage le d\u00e9placement \u00abvolontaire\u00bb des quelque deux millions d&rsquo;habitants de Gaza vers d&rsquo;autres pays ou dans des zones s\u00e9curis\u00e9es \u00e0 l&rsquo;int\u00e9rieur du territoire d\u00e9vast\u00e9 par pr\u00e8s de deux ans de guerre, le temps de sa reconstruction. Ceux qui accepteraient de partir recevraient 5000 dollars en cash ainsi qu&rsquo;une aide couvrant quatre ans de loyer et un an de nourriture, selon ce plan.<\/p>\n<p>                                    <a class=\"fig-a11y-skip a11y-hidden\" href=\"#fig-a11y-skip-main-inarticle\"><br \/>\n        Passer la publicit\u00e9<br \/>\n    <\/a><\/p>\n<p>Nouvelles \u00abvilles intelligentes\u00bb<\/p>\n<p class=\"fig-paragraph\">Les propri\u00e9taires terriens se verraient quant \u00e0 eux offrir des \u00abjetons num\u00e9riques\u00bb, \u00e0 utiliser pour financer une nouvelle vie ailleurs ou \u00e0 \u00e9changer contre un appartement dans l&rsquo;une des six \u00e0 huit nouvelles \u00abvilles intelligentes et aliment\u00e9es par l&rsquo;IA\u00bb devant \u00eatre construites \u00e0 Gaza. Des usines de voitures \u00e9lectriques, des centres de donn\u00e9es ou des h\u00f4tels y seraient financ\u00e9s par des investissements publics et priv\u00e9s.<\/p>\n<p class=\"fig-paragraph\">Le territoire palestinien serait plac\u00e9 le temps de la reconstruction sous l&rsquo;administration d&rsquo;une entit\u00e9 baptis\u00e9e Gaza Reconstitution, Economic Acceleration and Transformation Trust, ou GREAT Trust. Le plan pr\u00e9voit que cet organisme gouverne pendant dix ans avant de laisser la place \u00e0 une \u00abentit\u00e9 palestinienne r\u00e9form\u00e9e et d\u00e9radicalis\u00e9e\u00bb.<\/p>\n<p class=\"fig-paragraph\">Il a \u00e9t\u00e9 \u00e9labor\u00e9, selon le Washington Post, par certains des Isra\u00e9liens \u00e0 l&rsquo;origine de la Fondation humanitaire de Gaza (GHF), une organisation priv\u00e9e soutenue par Isra\u00ebl et les \u00c9tats-Unis, cr\u00e9\u00e9e pour distribuer l&rsquo;aide alimentaire et au centre de nombreuses critiques. Sollicit\u00e9 par l&rsquo;AFP, le d\u00e9partement d&rsquo;\u00c9tat am\u00e9ricain n&rsquo;a pas r\u00e9pondu dans l&rsquo;imm\u00e9diat.<\/p>\n<p>\u00abNettoyage ethnique\u00bb<\/p>\n<p class=\"fig-paragraph\">Donald Trump avait lanc\u00e9 en f\u00e9vrier l&rsquo;id\u00e9e d&rsquo;une prise de contr\u00f4le de la bande de Gaza par les \u00c9tats-Unis pour en faire la \u00ab<a href=\"http:\/\/www.lefigaro.fr\/international\/gaza-en-riviera-du-moyen-orient-invasion-migratoire-troisieme-mandat-les-declarations-marquantes-des-100-premiers-jours-de-trump-20250427\" target=\"_blank\" data-fig-type=\"Article\" rel=\"noopener nofollow\" data-gtm-custom-categorie=\"navigation\" data-gtm-custom-action=\"crossclick\" data-gtm-custom-label=\"Contextuel\" data-gtm-event=\"customEventSPE\" data-fig-domain=\"LEFIGARO\">Riviera du Moyen-Orient<\/a> \u00bb, une fois vid\u00e9e de ses habitants qui pourraient selon lui \u00eatre d\u00e9plac\u00e9s vers l&rsquo;\u00c9gypte et la Jordanie.<\/p>\n<p class=\"fig-paragraph\">Salu\u00e9 par l&rsquo;extr\u00eame droite isra\u00e9lienne, ce plan a \u00e9t\u00e9 rejet\u00e9 par les pays arabes et la plupart des pays occidentaux, l&rsquo;ONU mettant de son c\u00f4t\u00e9 en garde contre un \u00abnettoyage ethnique\u00bb \u00e0 Gaza.<\/p>\n<p>                                    <a class=\"fig-a11y-skip a11y-hidden\" href=\"#fig-a11y-skip-main-inarticle_mtf\"><br \/>\n        Passer la publicit\u00e9<br \/>\n    <\/a><\/p>\n<p class=\"fig-paragraph\">La guerre \u00e0 Gaza a \u00e9t\u00e9 d\u00e9clench\u00e9e par l&rsquo;attaque du Hamas en Isra\u00ebl du 7 octobre 2023, qui a entra\u00een\u00e9 la mort de 1219 personnes c\u00f4t\u00e9 isra\u00e9lien, en majorit\u00e9 des civils, selon un d\u00e9compte de l&rsquo;AFP bas\u00e9 sur des donn\u00e9es officielles. La campagne de repr\u00e9sailles d&rsquo;Isra\u00ebl a fait au moins 63.459 morts \u00e0 Gaza, en majorit\u00e9 des civils, selon le minist\u00e8re de la Sant\u00e9 du Hamas, dont les chiffres sont jug\u00e9s fiables par l&rsquo;ONU.<\/p>\n","protected":false},"excerpt":{"rendered":"Le plan de 38 pages envisage le d\u00e9placement \u00abvolontaire\u00bb des quelque deux millions d\u2019habitants de Gaza vers d\u2019autres&hellip;\n","protected":false},"author":2,"featured_media":357043,"comment_status":"","ping_status":"","sticky":false,"template":"","format":"standard","meta":{"footnotes":""},"categories":[5],"tags":[11,3259,73,1011,27,665,14,12,28],"class_list":{"0":"post-357042","1":"post","2":"type-post","3":"status-publish","4":"format-standard","5":"has-post-thumbnail","7":"category-international","8":"tag-actualites","9":"tag-conflit-israelo-palestinien","10":"tag-etats-unis","11":"tag-fr","12":"tag-france","13":"tag-gaza","14":"tag-international","15":"tag-news","16":"tag-world"},"share_on_mastodon":{"url":"https:\/\/pubeurope.com\/@fr\/115125328417723519","error":""},"_links":{"self":[{"href":"https:\/\/www.europesays.com\/fr\/wp-json\/wp\/v2\/posts\/357042","targetHints":{"allow":["GET"]}}],"collection":[{"href":"https:\/\/www.europesays.com\/fr\/wp-json\/wp\/v2\/posts"}],"about":[{"href":"https:\/\/www.europesays.com\/fr\/wp-json\/wp\/v2\/types\/post"}],"author":[{"embeddable":true,"href":"https:\/\/www.europesays.com\/fr\/wp-json\/wp\/v2\/users\/2"}],"replies":[{"embeddable":true,"href":"https:\/\/www.europesays.com\/fr\/wp-json\/wp\/v2\/comments?post=357042"}],"version-history":[{"count":0,"href":"https:\/\/www.europesays.com\/fr\/wp-json\/wp\/v2\/posts\/357042\/revisions"}],"wp:featuredmedia":[{"embeddable":true,"href":"https:\/\/www.europesays.com\/fr\/wp-json\/wp\/v2\/media\/357043"}],"wp:attachment":[{"href":"https:\/\/www.europesays.com\/fr\/wp-json\/wp\/v2\/media?parent=357042"}],"wp:term":[{"taxonomy":"category","embeddable":true,"href":"https:\/\/www.europesays.com\/fr\/wp-json\/wp\/v2\/categories?post=357042"},{"taxonomy":"post_tag","embeddable":true,"href":"https:\/\/www.europesays.com\/fr\/wp-json\/wp\/v2\/tags?post=357042"}],"curies":[{"name":"wp","href":"https:\/\/api.w.org\/{rel}","templated":true}]}}