{"id":357046,"date":"2025-08-31T20:49:22","date_gmt":"2025-08-31T20:49:22","guid":{"rendered":"https:\/\/www.europesays.com\/fr\/357046\/"},"modified":"2025-08-31T20:49:22","modified_gmt":"2025-08-31T20:49:22","slug":"jours-feries-antisemitisme-lessentiel-des-declarations-de-francois-bayrou","status":"publish","type":"post","link":"https:\/\/www.europesays.com\/fr\/357046\/","title":{"rendered":"Jours f\u00e9ri\u00e9s, antis\u00e9mitisme\u2026 L\u2019essentiel des d\u00e9clarations de Fran\u00e7ois Bayrou"},"content":{"rendered":"<p>A-t-il r\u00e9ussi \u00e0 convaincre les Fran\u00e7ais du bien-fond\u00e9 de sa d\u00e9marche\u00a0? <a href=\"https:\/\/www.20minutes.fr\/politique\/francois_bayrou\/\" target=\"_blank\" class=\"c-link c-link--is-underlined\" rel=\"noopener\">Fran\u00e7ois Bayrou<\/a> a r\u00e9pondu aux questions de journalistes de France Info, LCI, BFMTV et CNews ce dimanche, une semaine avant le vote de confiance de l\u2019<a href=\"https:\/\/www.20minutes.fr\/dossier\/assemblee_nationale\" target=\"_blank\" class=\"c-link c-link--is-underlined\" rel=\"noopener\">Assembl\u00e9e nationale<\/a>.<\/p>\n<p>Si une majorit\u00e9 des d\u00e9put\u00e9s votent contre la question que soumettra le Premier ministre, il sera dans l\u2019obligation de pr\u00e9senter sa d\u00e9mission \u00e0 <a href=\"https:\/\/www.20minutes.fr\/politique\/emmanuel-macron\/\" target=\"_blank\" class=\"c-link c-link--is-underlined\" rel=\"noopener\">Emmanuel Macron<\/a>. En mettant la survie du gouvernement dans la balance, Fran\u00e7ois Bayrou a soulev\u00e9 de nombreuses interrogations dans son propre camp et chez les oppositions qui entendent bien saisir l\u2019occasion pour renverser la table. Il a tent\u00e9 d\u2019y r\u00e9pondre. Voici l\u2019essentiel de ses d\u00e9clarations.<\/p>\n<p>Le \u00ab\u00a0destin de la France\u00a0\u00bb<\/p>\n<p>Fran\u00e7ois Bayrou a estim\u00e9 que la \u00ab\u00a0question\u00a0\u00bb en jeu lors du vote de confiance du 8\u00a0septembre n\u2019\u00e9tait pas \u00ab\u00a0le destin du <a href=\"https:\/\/www.20minutes.fr\/dossier\/premier_ministre\" target=\"_blank\" class=\"c-link c-link--is-underlined\" rel=\"noopener\">Premier ministre<\/a>\u00a0\u00bb mais celle du \u00ab\u00a0destin de la France\u00a0\u00bb.<\/p>\n<\/p>\n<p>\u00ab\u00a0Si le <a href=\"https:\/\/www.20minutes.fr\/dossier\/gouvernement\" target=\"_blank\" class=\"c-link c-link--is-underlined\" rel=\"noopener\">gouvernement<\/a> tombe, comme [les oppositions] le souhaitent, comme elles l\u2019annoncent [\u2026] eh bien \u00e7a veut dire qu\u2019on changera de politique. On abandonnera ou on abandonnerait la politique pour moi vitale pour le pays\u00a0\u00bb pour une \u00ab\u00a0autre\u00a0\u00bb politique \u00ab\u00a0plus laxiste\u00a0\u00bb, \u00ab\u00a0plus \u00e0 la d\u00e9rive\u00a0\u00bb, a plaid\u00e9 le Premier ministre.<\/p>\n<p>\u00ab\u00a0Je pense pr\u00e9cis\u00e9ment que les jours qui vont venir sont cruciaux\u00a0\u00bb. Et \u00ab\u00a0si vous imaginez que je peux abandonner les combats que je m\u00e8ne, que je m\u00e8ne ici, que je menais avant, depuis des ann\u00e9es et que je continuerai \u00e0 mener apr\u00e8s, vous vous trompez\u00a0\u00bb, a-t-il insist\u00e9.<\/p>\n<p>Des discussions possibles autour des jours f\u00e9ri\u00e9s<\/p>\n<p>L\u2019id\u00e9e est sans doute l\u2019une des plus impopulaires de ces derniers mois. Fran\u00e7ois Bayrou a propos\u00e9 de <a href=\"https:\/\/www.20minutes.fr\/politique\/4167638-20250813-suppression-deux-jours-feries-pourquoi-francois-bayrou-obstine-mesure-controversee\" target=\"_blank\" class=\"c-link c-link--is-underlined\" rel=\"noopener\">supprimer deux jours f\u00e9ri\u00e9s<\/a> dans son budget 2026. Interrog\u00e9 sur la question, il a continu\u00e9 d\u00e9fendre sa proposition tout en se disant \u00ab\u00a0ouvert \u00e0 la discussion\u00a0\u00bb. Il pourrait descendre \u00e0 un jour f\u00e9ri\u00e9 supprim\u00e9.<\/p>\n<p>\u00ab\u00a0La condition imp\u00e9rative, [c\u2019est] que l\u2019on consid\u00e8re qu\u2019on ne peut pas ne rien faire\u00a0\u00bb, pr\u00e9vient-il. Or, il estime que les propositions des socialistes, qui ont propos\u00e9 de taxer les hauts patrimoines, reviennent justement \u00e0 ne rien faire pour r\u00e9duire la dette. \u00ab\u00a0Je suis persuad\u00e9 qu\u2019ils n\u2019ont pas tr\u00e8s bien r\u00e9fl\u00e9chi\u00a0\u00bb ou qu\u2019ils pensent dans \u00ab\u00a0leur for int\u00e9rieur que ce n\u2019est pas possible\u00a0\u00bb, a-t-il tacl\u00e9 tout en tendant \u00ab\u00a0la main \u00e0 tout le monde\u00a0\u00bb.<\/p>\n<p>Le Premier ministre a par ailleurs lanc\u00e9 de nouvelles id\u00e9es de mesures en s\u2019attaquant aux 35 heures qui pourraient \u00eatre remplac\u00e9es par \u00ab\u00a036 heures de travail par semaine\u00a0\u00bb.<\/p>\n<p>Les boomers \u00ab\u00a0avec moi\u00a0\u00bb<\/p>\n<p>Fran\u00e7ois Bayrou n\u2019a pas eu peur de s\u2019attaquer, une nouvelle fois, \u00e0 son \u00e9lectorat. Il a encore vis\u00e9 les \u00ab\u00a0boomers\u00a0\u00bb comme responsables de la dette. \u00ab\u00a0Je n\u2019ai jamais dit qu\u2019il fallait cibler les boomers dont je suis [\u2026] J\u2019ai dit que cette g\u00e9n\u00e9ration-l\u00e0 devrait \u00eatre avec moi pour faire baisser la dette pour les plus jeunes\u00a0\u00bb, a appel\u00e9 le Premier ministre. \u00ab\u00a0Un pays qui n\u2019a pas de dette peut d\u00e9velopper des politiques\u00a0\u00bb, a-t-il d\u00e9fendu.<\/p>\n<p>Les retrait\u00e9s pourraient \u00eatre appel\u00e9s \u00e0 contribution puisque le chef du gouvernement qui joue sa place a effleur\u00e9 l\u2019id\u00e9e de mettre fin \u00e0 l\u2019abattement de 10\u00a0% des retrait\u00e9s. \u00ab\u00a0C\u2019est un effort, je ne dis pas le contraire\u00a0\u00bb, reconna\u00eet Fran\u00e7ois Bayrou.<\/p>\n<p>Le \u00ab\u00a0chaos\u00a0\u00bb propos\u00e9 par LFI<\/p>\n<p>Parfois la meilleure d\u00e9fense peut \u00eatre l\u2019attaque. C\u2019est peut-\u00eatre dans ce but que Fran\u00e7ois Bayrou s\u2019en est pris au leader de <a href=\"https:\/\/www.20minutes.fr\/politique\/france-insoumise\/\" target=\"_blank\" class=\"c-link c-link--is-underlined\" rel=\"noopener\">La France insoumise<\/a>. \u00ab\u00a0Il y a des forces politiques en France qui veulent le chaos\u00a0\u00bb, a-t-il d\u00e9plor\u00e9 en citant <a href=\"https:\/\/www.20minutes.fr\/politique\/jean-luc-melenchon\/\" target=\"_blank\" class=\"c-link c-link--is-underlined\" rel=\"noopener\">Jean-Luc M\u00e9lenchon<\/a>.<\/p>\n<p><a href=\"https:\/\/www.20minutes.fr\/politique\/francois_bayrou\/\" target=\"_blank\" class=\"c-link c-btn c-btn--primary\" rel=\"noopener\">Tous nos articles sur Fran\u00e7oi Bayrou<\/a><\/p>\n<p>Ce dernier a notamment appel\u00e9 \u00e0 une nouvelle dissolution et la d\u00e9mission d\u2019Emmanuel Macron. \u00ab\u00a0La dissolution, on l\u2019a v\u00e9cue\u00a0\u00bb, a r\u00e9pondu le Premier ministre. \u00ab\u00a0On ne peut pas dire qu\u2019elle ait \u00e9t\u00e9 une clarification magnifique. Comme on n\u2019a pas chang\u00e9 le mode de scrutin [\u2026] vous avez beau dissoudre, vous allez retrouver les m\u00eames divisions, les m\u00eames difficult\u00e9s\u00a0\u00bb, a-t-il expliqu\u00e9.<\/p>\n<p>Unit\u00e9 des Fran\u00e7ais face \u00e0 l\u2019antis\u00e9mitisme<\/p>\n<p>Interrog\u00e9 sur la hausse de l\u2019<a href=\"https:\/\/www.20minutes.fr\/dossier\/antisemitisme\" target=\"_blank\" class=\"c-link c-link--is-underlined\" rel=\"noopener\">antis\u00e9mitisme<\/a> dans l\u2019Hexagone, Fran\u00e7ois Bayrou a affirm\u00e9 \u00eatre un \u00ab\u00a0d\u00e9fenseur de l\u2019unit\u00e9 de la France, de l\u2019unit\u00e9 du pays\u00a0\u00bb pr\u00f4nant davantage de \u00ab\u00a0s\u00e9curit\u00e9\u00a0\u00bb.<\/p>\n<p>\u00ab\u00a0En effet, en raison du pogrom du 7\u00a0octobre, et de la suite, du Liban, de l\u2019Iran, de <a href=\"https:\/\/www.20minutes.fr\/monde\/gaza\/\" target=\"_blank\" class=\"c-link c-link--is-underlined\" rel=\"noopener\">Gaza<\/a>, aujourd\u2019hui la communaut\u00e9 juive est cibl\u00e9e\u00a0\u00bb, a-t-il d\u00e9nonc\u00e9.<\/p>\n","protected":false},"excerpt":{"rendered":"A-t-il r\u00e9ussi \u00e0 convaincre les Fran\u00e7ais du bien-fond\u00e9 de sa d\u00e9marche\u00a0? Fran\u00e7ois Bayrou a r\u00e9pondu aux questions de&hellip;\n","protected":false},"author":2,"featured_media":357047,"comment_status":"","ping_status":"","sticky":false,"template":"","format":"standard","meta":{"footnotes":""},"categories":[4],"tags":[47,11,6155,416,1073,1011,27,431,418,11207,49272,12,316,3363,25],"class_list":{"0":"post-357046","1":"post","2":"type-post","3":"status-publish","4":"format-standard","5":"has-post-thumbnail","7":"category-france","8":"tag-actualite","9":"tag-actualites","10":"tag-antisemitisme","11":"tag-assemblee-nationale","12":"tag-emmanuel-macron","13":"tag-fr","14":"tag-france","15":"tag-francois-bayrou","16":"tag-gouvernement","17":"tag-jour-ferie","18":"tag-matignon","19":"tag-news","20":"tag-politique","21":"tag-premier-ministre","22":"tag-republique-francaise"},"share_on_mastodon":{"url":"https:\/\/pubeurope.com\/@fr\/115125352096639646","error":""},"_links":{"self":[{"href":"https:\/\/www.europesays.com\/fr\/wp-json\/wp\/v2\/posts\/357046","targetHints":{"allow":["GET"]}}],"collection":[{"href":"https:\/\/www.europesays.com\/fr\/wp-json\/wp\/v2\/posts"}],"about":[{"href":"https:\/\/www.europesays.com\/fr\/wp-json\/wp\/v2\/types\/post"}],"author":[{"embeddable":true,"href":"https:\/\/www.europesays.com\/fr\/wp-json\/wp\/v2\/users\/2"}],"replies":[{"embeddable":true,"href":"https:\/\/www.europesays.com\/fr\/wp-json\/wp\/v2\/comments?post=357046"}],"version-history":[{"count":0,"href":"https:\/\/www.europesays.com\/fr\/wp-json\/wp\/v2\/posts\/357046\/revisions"}],"wp:featuredmedia":[{"embeddable":true,"href":"https:\/\/www.europesays.com\/fr\/wp-json\/wp\/v2\/media\/357047"}],"wp:attachment":[{"href":"https:\/\/www.europesays.com\/fr\/wp-json\/wp\/v2\/media?parent=357046"}],"wp:term":[{"taxonomy":"category","embeddable":true,"href":"https:\/\/www.europesays.com\/fr\/wp-json\/wp\/v2\/categories?post=357046"},{"taxonomy":"post_tag","embeddable":true,"href":"https:\/\/www.europesays.com\/fr\/wp-json\/wp\/v2\/tags?post=357046"}],"curies":[{"name":"wp","href":"https:\/\/api.w.org\/{rel}","templated":true}]}}