{"id":357056,"date":"2025-08-31T21:00:15","date_gmt":"2025-08-31T21:00:15","guid":{"rendered":"https:\/\/www.europesays.com\/fr\/357056\/"},"modified":"2025-08-31T21:00:15","modified_gmt":"2025-08-31T21:00:15","slug":"video-arbres-arraches-deluge-de-grele-les-images-des-premiers-orages-qui-sabattent-sur-loccitanie","status":"publish","type":"post","link":"https:\/\/www.europesays.com\/fr\/357056\/","title":{"rendered":"VID\u00c9O Arbres arrach\u00e9s, d\u00e9luge de gr\u00eale\u2026 les images des premiers orages qui s\u2019abattent sur l\u2019Occitanie"},"content":{"rendered":"<p>\n                                                                Ce dimanche 31\u00a0ao\u00fbt 2025, des orages s\u2019abattent sur l\u2019Occitanie, causant d\u2019importants d\u00e9g\u00e2ts. Plusieurs d\u00e9partements de la r\u00e9gion sont plac\u00e9s en vigilance orange.\n                            <\/p>\n<p>M\u00e9t\u00e9o France a annonc\u00e9 de violents orages dans le sud de la France et ils ont d\u00e9j\u00e0 commenc\u00e9 \u00e0 frapper l\u2019Occitanie. Ce dimanche, au total <a href=\"https:\/\/www.midilibre.fr\/2025\/08\/31\/alerte-aux-orages-violents-tres-fortes-intensites-pluvieuses-lepisode-mediterraneen-se-rapproche-8-departements-en-vigilance-orange-12902861.php\" target=\"_blank\" rel=\"nofollow noopener\">8 d\u00e9partements sont plac\u00e9s en vigilance orange orages et pluie-inondation<\/a>. Si dans le Gard et la Loz\u00e8re, l\u2019\u00e9pisode m\u00e9diterran\u00e9en devrait d\u00e9but dans la soir\u00e9e, dans d\u2019autres d\u00e9partements de la r\u00e9gion, les orages sont d\u00e9j\u00e0 l\u00e0.<\/p>\n<p>En images<\/p>\n<p>Sur les r\u00e9seaux sociaux, des photos ainsi que des vid\u00e9os sont relay\u00e9es, montrant les fortes rafales de vents, des tapis de gr\u00eale ainsi que d\u2019importantes pluies dans le Gers et dans le Tarn-et-Garonne.<\/p>\n<blockquote data-class=\"twitter-tweet\">\n<p lang=\"fr\" dir=\"ltr\">\\u26c8\\ufe0f Des orages supercellulaires circulent entre Gers et Tarn-et-Garonne. Vents violents et d\u00e9luge de gr\u00eale observ\u00e9s \u00e0 Gondrin ! \\ud83d\\udca8 (\\u00a9 Jean-Louis Duberger) <a href=\"https:\/\/t.co\/yUt6maoKSH\" rel=\"nofollow\">pic.twitter.com\/yUt6maoKSH<\/a><\/p>\n<p>\u2014 M\u00e9t\u00e9o Express (@MeteoExpress) <a href=\"https:\/\/twitter.com\/MeteoExpress\/status\/1962186417368420515?ref_src=twsrc%5Etfw\" rel=\"nofollow noopener\" target=\"_blank\">August 31, 2025<\/a><\/p><\/blockquote>\n<blockquote data-class=\"twitter-tweet\">\n<p lang=\"fr\" dir=\"ltr\">\\u26a1 Les premiers orages de gr\u00eale \u00e9clatent au sud-ouest, notamment entre Gers et Tarn-et-Garonne. Ici, la gr\u00eale a tapiss\u00e9 les sols de B\u00e9raut dans le Gers ! (\\u00a9 Isabelle Asper) <a href=\"https:\/\/t.co\/ZSVHhmWHYO\" rel=\"nofollow\">pic.twitter.com\/ZSVHhmWHYO<\/a><\/p>\n<p>\u2014 M\u00e9t\u00e9o Express (@MeteoExpress) <a href=\"https:\/\/twitter.com\/MeteoExpress\/status\/1962181129273753735?ref_src=twsrc%5Etfw\" rel=\"nofollow noopener\" target=\"_blank\">August 31, 2025<\/a><\/p><\/blockquote>\n<p>Ces intemp\u00e9ries, qualifi\u00e9es de \u00ab\u00a0spectaculaires\u00a0\u00bb sur les r\u00e9seaux, ont occasionn\u00e9 des d\u00e9g\u00e2ts, notamment des arbres qui ont \u00e9t\u00e9 arrach\u00e9s. Des op\u00e9rations d\u2019\u00e9lagage sont en cours.<\/p>\n<blockquote data-class=\"twitter-tweet\">\n<p lang=\"fr\" dir=\"ltr\">\\u26a1 Une ligne d&rsquo;orages s&rsquo;organise de l&rsquo;ouest de l&rsquo;Aude au Puy-de-D\u00f4me et progresse vers l&rsquo;est en donnant de fortes rafales de vent. Chute d&rsquo;arbre \u00e0 Carmaux dans le Tarn. \\ud83d\\udca8 (\\u00a9 Sabrina Yon) <a href=\"https:\/\/t.co\/iF8oeKp4ty\" rel=\"nofollow\">pic.twitter.com\/iF8oeKp4ty<\/a><\/p>\n<p>\u2014 M\u00e9t\u00e9o Express (@MeteoExpress) <a href=\"https:\/\/twitter.com\/MeteoExpress\/status\/1962211497301446893?ref_src=twsrc%5Etfw\" rel=\"nofollow noopener\" target=\"_blank\">August 31, 2025<\/a><\/p><\/blockquote>\n<blockquote data-class=\"twitter-tweet\">\n<p lang=\"fr\" dir=\"ltr\">\\u26a1Les orages qui \u00e9clatent au sud-ouest donnent de la gr\u00eale mais aussi de puissantes rafales de vent. Chutes d&rsquo;arbres signal\u00e9es \u00e0 Gimbr\u00e8de dans le nord-est du Gers. \\ud83d\\udca8 (\\u00a9 Marson \u00c9lagage) <a href=\"https:\/\/t.co\/QgsQHSkoul\" rel=\"nofollow\">pic.twitter.com\/QgsQHSkoul<\/a><\/p>\n<p>\u2014 M\u00e9t\u00e9o Express (@MeteoExpress) <a href=\"https:\/\/twitter.com\/MeteoExpress\/status\/1962197973212790870?ref_src=twsrc%5Etfw\" rel=\"nofollow noopener\" target=\"_blank\">August 31, 2025<\/a><\/p><\/blockquote>\n<p>Mise en place d\u2019un \u00e9pisode m\u00e9diterran\u00e9en<\/p>\n<p>\u00ab\u00a0Dimanche soir, un \u00e9pisode m\u00e9diterran\u00e9en se met en place avec des orages violents caract\u00e9ris\u00e9s en particulier par de tr\u00e8s fortes intensit\u00e9s pluvieuses. Ils perdurent dans la nuit de dimanche \u00e0 lundi et jusqu\u2019en fin d\u2019apr\u00e8s-midi de lundi\u00a0\u00bb, note <a href=\"https:\/\/vigimeteo.com\/fr\" target=\"_blank\" rel=\"nofollow noopener\">le site de la station m\u00e9t\u00e9orologique.<\/a><\/p>\n<p>\u00ab\u00a0Une perturbation active gagne les r\u00e9gions du sud-est dans l\u2019apr\u00e8s-midi de dimanche. En soir\u00e9e, un \u00e9pisode m\u00e9diterran\u00e9en se met en place associ\u00e9 \u00e0 de tr\u00e8s fortes pr\u00e9cipitations orageuses.\u00a0\u00bb<\/p>\n<blockquote data-class=\"twitter-tweet\">\n<p lang=\"fr\" dir=\"ltr\"><a href=\"https:\/\/twitter.com\/hashtag\/VigilanceSE?src=hash&amp;ref_src=twsrc%5Etfw\" rel=\"nofollow noopener\" target=\"_blank\">#VigilanceSE<\/a> \\ud83d\\udfe0<br \/>\\u27a1Violents orages \u00e0 partir de 22h avec fortes intensit\u00e9s pluvieuses, rafales et m\u00eame un risque de ph\u00e9nom\u00e8nes tourbillonnaires<\/p>\n<p>\\u27a1Caract\u00e8re stationnaire ensuite en vall\u00e9e du Rh\u00f4ne avec de tr\u00e8s forts cumuls<\/p>\n<p>Risque de d\u00e9calage de la stationnarit\u00e9 jusqu&rsquo;\u00e0 l&rsquo;ouest Var <a href=\"https:\/\/t.co\/Hu7bh8JIdE\" rel=\"nofollow\">https:\/\/t.co\/Hu7bh8JIdE<\/a><\/p>\n<p>\u2014 M\u00e9t\u00e9o-France Sud-Est (@MeteoFrance_SE) <a href=\"https:\/\/twitter.com\/MeteoFrance_SE\/status\/1962173403952980221?ref_src=twsrc%5Etfw\" rel=\"nofollow noopener\" target=\"_blank\">August 31, 2025<\/a><\/p><\/blockquote>\n<p>\u00ab\u00a0Ces pr\u00e9cipitations pourront g\u00e9n\u00e9rer des cumuls de plus de 80\u00a0mm parfois en moins de 3\u00a0heures. On pourra atteindre 100 \u00e0 150\u00a0mm sur la dur\u00e9e de l\u2019\u00e9pisode voire jusqu\u2019\u00e0 200\u00a0mm localement en cas de stationnarit\u00e9 sur les d\u00e9partements les plus au sud. Sous ces orages, on attend aussi une forte activit\u00e9 \u00e9lectrique, de la gr\u00eale et des rafales de vent localement fortes\u00a0\u00bb, d\u00e9taille\u00a0M\u00e9t\u00e9o France.<\/p>\n<p>\u00c0 partir de lundi, la vigilance orange sera lev\u00e9e pour certains d\u00e9partements, tandis que d\u2019autres seront concern\u00e9s. Voici la liste\u00a0: Alpes-de-Haute-Provence, Hautes-Alpes, Ard\u00e8che, Bouches-du-Rh\u00f4ne, Dr\u00f4me, Gard, Is\u00e8re, Loz\u00e8re, Var et Vaucluse.<\/p>\n<p>                                                                                                                                                                                                        <script async src=\"https:\/\/platform.twitter.com\/widgets.js\" charset=\"utf-8\"><\/script><\/p>\n","protected":false},"excerpt":{"rendered":"Ce dimanche 31\u00a0ao\u00fbt 2025, des orages s\u2019abattent sur l\u2019Occitanie, causant d\u2019importants d\u00e9g\u00e2ts. Plusieurs d\u00e9partements de la r\u00e9gion sont&hellip;\n","protected":false},"author":2,"featured_media":357057,"comment_status":"","ping_status":"","sticky":false,"template":"","format":"standard","meta":{"footnotes":""},"categories":[9599],"tags":[1111,11,1777,674,1011,27,2208,12,2680,25],"class_list":{"0":"post-357056","1":"post","2":"type-post","3":"status-publish","4":"format-standard","5":"has-post-thumbnail","7":"category-montpellier","8":"tag-actu","9":"tag-actualites","10":"tag-eu","11":"tag-europe","12":"tag-fr","13":"tag-france","14":"tag-montpellier","15":"tag-news","16":"tag-occitanie","17":"tag-republique-francaise"},"share_on_mastodon":{"url":"https:\/\/pubeurope.com\/@fr\/115125395348798489","error":""},"_links":{"self":[{"href":"https:\/\/www.europesays.com\/fr\/wp-json\/wp\/v2\/posts\/357056","targetHints":{"allow":["GET"]}}],"collection":[{"href":"https:\/\/www.europesays.com\/fr\/wp-json\/wp\/v2\/posts"}],"about":[{"href":"https:\/\/www.europesays.com\/fr\/wp-json\/wp\/v2\/types\/post"}],"author":[{"embeddable":true,"href":"https:\/\/www.europesays.com\/fr\/wp-json\/wp\/v2\/users\/2"}],"replies":[{"embeddable":true,"href":"https:\/\/www.europesays.com\/fr\/wp-json\/wp\/v2\/comments?post=357056"}],"version-history":[{"count":0,"href":"https:\/\/www.europesays.com\/fr\/wp-json\/wp\/v2\/posts\/357056\/revisions"}],"wp:featuredmedia":[{"embeddable":true,"href":"https:\/\/www.europesays.com\/fr\/wp-json\/wp\/v2\/media\/357057"}],"wp:attachment":[{"href":"https:\/\/www.europesays.com\/fr\/wp-json\/wp\/v2\/media?parent=357056"}],"wp:term":[{"taxonomy":"category","embeddable":true,"href":"https:\/\/www.europesays.com\/fr\/wp-json\/wp\/v2\/categories?post=357056"},{"taxonomy":"post_tag","embeddable":true,"href":"https:\/\/www.europesays.com\/fr\/wp-json\/wp\/v2\/tags?post=357056"}],"curies":[{"name":"wp","href":"https:\/\/api.w.org\/{rel}","templated":true}]}}