{"id":357058,"date":"2025-08-31T21:01:39","date_gmt":"2025-08-31T21:01:39","guid":{"rendered":"https:\/\/www.europesays.com\/fr\/357058\/"},"modified":"2025-08-31T21:01:39","modified_gmt":"2025-08-31T21:01:39","slug":"on-ne-vient-pas-avec-un-casque-et-une-mitraillette-les-commercants-des-beaux-arts-defendent-limage-de-leur-quartier-apres-une-agression","status":"publish","type":"post","link":"https:\/\/www.europesays.com\/fr\/357058\/","title":{"rendered":"\u00ab\u00a0On ne vient pas avec un casque et une mitraillette\u00a0\u00bb\u00a0: les commer\u00e7ants des Beaux-Arts d\u00e9fendent l\u2019image de leur quartier apr\u00e8s une agression"},"content":{"rendered":"<p>\n                                                                Des commer\u00e7ants du quartier des Beaux-Arts \u00e0 Montpellier ont tenu \u00e0 r\u00e9agir apr\u00e8s l\u2019agression d\u2019une commer\u00e7ante le 15\u00a0ao\u00fbt. Tout en reconnaissant l\u2019incident, ils d\u00e9noncent les r\u00e9cits exag\u00e9r\u00e9s relay\u00e9s dans certains m\u00e9dias et sur les r\u00e9seaux sociaux, assurant que la place des Beaux-Arts reste un lieu vivant et accueillant malgr\u00e9 la vigilance accrue et la pr\u00e9sence renforc\u00e9e de la police.\n                            <\/p>\n<p>\u00ab\u00a0On voulait donner notre version des faits.\u00a0\u00bb <a href=\"https:\/\/www.midilibre.fr\/2025\/08\/24\/sur-la-place-des-beaux-arts-de-montpellier-tensions-entre-commercants-et-dealers-12886813.php\" target=\"_blank\" rel=\"nofollow noopener\">Apr\u00e8s un incident survenu le 15\u00a0ao\u00fbt dernier dans le quartier des Beaux-Arts<\/a>, les commer\u00e7ants de la place \u00e9ponyme ont souhait\u00e9 r\u00e9agir. Brice du Big Bahut, Damien du bistrot Les Super Vedettes et Jean-Louis du Spot ne nient pas l\u2019agression subie dans le quartier par une commer\u00e7ante, juste \u00e0 c\u00f4t\u00e9 de la place du quartier, mais le r\u00e9cit abusif racont\u00e9 dans certains m\u00e9dias et sur les r\u00e9seaux sociaux.<\/p>\n<p>\u00ab\u00a0On a eu une belle saison. C\u2019est un quartier vivant avec une place accueillante. La commer\u00e7ante a eu des probl\u00e8mes avec des individus. Mais ce n\u2019est pas la guerre non plus comme on a pu l\u2019entendre\u00a0\u00bb, estime Brice.<\/p>\n<p>\u00ab\u00a0On est solidaires entre nous\u00a0\u00bb<\/p>\n<p>\u00ab\u00a0On ne vient pas aux Beaux-Arts avec un casque et une mitraillette\u00a0\u00bb, lance Jean-Louis. Pour lui, le lieu n\u2019est pas non plus parfait et n\u00e9cessite des am\u00e9liorations.<\/p>\n<p>Depuis cette agression, les patrouilles de police sont plus fr\u00e9quentes dans le quartier et les commer\u00e7ants redoublent de vigilance au moindre incident. \u00ab\u00a0On est solidaires\u00a0entre nous.\u00a0Quand quelqu\u2019un est emb\u00eat\u00e9, on va aider.\u00a0On a tous fait au moins un peu de rugby\u00a0\u00bb, rigole le g\u00e9rant du Big Bahut.<\/p>\n","protected":false},"excerpt":{"rendered":"Des commer\u00e7ants du quartier des Beaux-Arts \u00e0 Montpellier ont tenu \u00e0 r\u00e9agir apr\u00e8s l\u2019agression d\u2019une commer\u00e7ante le 15\u00a0ao\u00fbt.&hellip;\n","protected":false},"author":2,"featured_media":357059,"comment_status":"","ping_status":"","sticky":false,"template":"","format":"standard","meta":{"footnotes":""},"categories":[9599],"tags":[1111,11,1777,674,1011,27,2208,12,2680,25],"class_list":{"0":"post-357058","1":"post","2":"type-post","3":"status-publish","4":"format-standard","5":"has-post-thumbnail","7":"category-montpellier","8":"tag-actu","9":"tag-actualites","10":"tag-eu","11":"tag-europe","12":"tag-fr","13":"tag-france","14":"tag-montpellier","15":"tag-news","16":"tag-occitanie","17":"tag-republique-francaise"},"share_on_mastodon":{"url":"https:\/\/pubeurope.com\/@fr\/115125399184088487","error":""},"_links":{"self":[{"href":"https:\/\/www.europesays.com\/fr\/wp-json\/wp\/v2\/posts\/357058","targetHints":{"allow":["GET"]}}],"collection":[{"href":"https:\/\/www.europesays.com\/fr\/wp-json\/wp\/v2\/posts"}],"about":[{"href":"https:\/\/www.europesays.com\/fr\/wp-json\/wp\/v2\/types\/post"}],"author":[{"embeddable":true,"href":"https:\/\/www.europesays.com\/fr\/wp-json\/wp\/v2\/users\/2"}],"replies":[{"embeddable":true,"href":"https:\/\/www.europesays.com\/fr\/wp-json\/wp\/v2\/comments?post=357058"}],"version-history":[{"count":0,"href":"https:\/\/www.europesays.com\/fr\/wp-json\/wp\/v2\/posts\/357058\/revisions"}],"wp:featuredmedia":[{"embeddable":true,"href":"https:\/\/www.europesays.com\/fr\/wp-json\/wp\/v2\/media\/357059"}],"wp:attachment":[{"href":"https:\/\/www.europesays.com\/fr\/wp-json\/wp\/v2\/media?parent=357058"}],"wp:term":[{"taxonomy":"category","embeddable":true,"href":"https:\/\/www.europesays.com\/fr\/wp-json\/wp\/v2\/categories?post=357058"},{"taxonomy":"post_tag","embeddable":true,"href":"https:\/\/www.europesays.com\/fr\/wp-json\/wp\/v2\/tags?post=357058"}],"curies":[{"name":"wp","href":"https:\/\/api.w.org\/{rel}","templated":true}]}}