{"id":357060,"date":"2025-08-31T21:07:11","date_gmt":"2025-08-31T21:07:11","guid":{"rendered":"https:\/\/www.europesays.com\/fr\/357060\/"},"modified":"2025-08-31T21:07:11","modified_gmt":"2025-08-31T21:07:11","slug":"pres-de-rouen-un-accident-fait-huit-blesses-sur-lautoroute-a13-dans-le-sens-caen-paris","status":"publish","type":"post","link":"https:\/\/www.europesays.com\/fr\/357060\/","title":{"rendered":"Pr\u00e8s de Rouen, un accident fait huit bless\u00e9s sur l&rsquo;autoroute A13 dans le sens Caen-Paris"},"content":{"rendered":"<p class=\"article__intro\">Les faits se sont d\u00e9roul\u00e9s au niveau de la commune de Honguemare-Gu\u00e9nouville (Eure), pr\u00e8s de Bourg-Achard sur l&rsquo;autoroute A13 ce dimanche 31 ao\u00fbt 2025.<\/p>\n<p>\n      L\u2019actu des r\u00e9gions\n    <\/p>\n<p>\n      Chaque jour, un tour d\u2019horizon des principales infos de toutes les r\u00e9gions.\n    <\/p>\n<p>    France T\u00e9l\u00e9visions utilise votre adresse e-mail afin de vous envoyer la newsletter \u00ab\u00a0L\u2019actu des r\u00e9gions\u00a0\u00bb. Vous pouvez vous d\u00e9sinscrire \u00e0 tout moment via le lien en bas de cette newsletter. <a target=\"_blank\" href=\"https:\/\/www.francetelevisions.fr\/groupe\/confidentialite\/politique-de-confidentialite\/politique-de-confidentialite-de-france-televisions-6503\" rel=\"nofollow noopener\">Notre politique de confidentialit\u00e9<\/a><\/p>\n<p>L&rsquo;accident a eu lieu en fin d&rsquo;apr\u00e8s-midi ce dimanche 31 ao\u00fbt 2025. Les deux v\u00e9hicules impliqu\u00e9s circulaient sur l&rsquo;autoroute A13 dans le sens Caen-Rouen. <\/p>\n<p>Vers 16h45, ils sont entr\u00e9s en collision \u00e0 vive allure, la seconde voiture ayant percut\u00e9 la premi\u00e8re par l&rsquo;arri\u00e8re. Le choc a eu lieu au niveau de la commune de Honguemare-Gu\u00e9nouville, pr\u00e8s de Bourg Achard, dans l&rsquo;Eure. L&rsquo;un des v\u00e9hicules a r\u00e9alis\u00e9 plusieurs tonneaux avant de s&rsquo;immobiliser.  <\/p>\n<p>Le bilan est lourd : huit bless\u00e9s au total. Dans l&rsquo;un des v\u00e9hicules, un homme de 17 ans, un second de 20 ans et une femme de 51 ans ont \u00e9t\u00e9 pris en charge sur place. En urgence relative, ils ont refus\u00e9 d&rsquo;\u00eatre hospitalis\u00e9s.<\/p>\n<p><a data-article-figure=\"\" href=\"https:\/\/france3-regions.franceinfo.fr\/image\/PxIZIpEb4k1AOw48zKKZYJYNDE4\/1920x1080\/regions\/2025\/08\/31\/carte-68b483950bc77594106455.jpg\" data-pswp-width=\"1920\" data-pswp-height=\"1080\" target=\"_blank\" rel=\"nofollow noopener\"><\/p>\n<p>          <img width=\"600\" height=\"400\" class=\"article-image lazy\" data-src=\"https:\/\/www.europesays.com\/fr\/wp-content\/uploads\/2025\/08\/carte-68b483950bc77594106455.jpg\" alt=\"Honguemare-Gu\u00e9nouville (Eure)\" fetchpriority=\"high\" as=\"image\"\/><\/p>\n<p>\n            Honguemare-Gu\u00e9nouville (Eure)<br \/>\n                           \u2022<br \/>\n                                      \u00a9 DR\n                      <\/p>\n<p><\/a><\/p>\n<p>Dans le second v\u00e9hicule, un adolescent de 13 ans a \u00e9t\u00e9 \u00e9ject\u00e9. En urgence absolue, le gar\u00e7on a \u00e9t\u00e9 h\u00e9liport\u00e9 jusqu&rsquo;au CHU de Rouen. Quatre autres occupants ont \u00e9t\u00e9 bless\u00e9s. En urgence absolue, ils ont \u00e9t\u00e9 transport\u00e9s jusqu&rsquo;\u00e0 l&rsquo;h\u00f4pital par la route : une jeune fille de 14 ans, un gar\u00e7on de deux ans et une femme de 43 ans. Cette derni\u00e8re \u00e9tait prise au pi\u00e8ge de sa voiture \u00e0 l&rsquo;arriv\u00e9e des secours. Une jeune femme de 17 ans en urgence relative compte aussi parmi les bless\u00e9s. <\/p>\n<p>L&rsquo;intervention s&rsquo;est achev\u00e9e vers 18h46. La circulation a pu \u00eatre maintenue sur les deux voies de gauche. Elle a \u00e9t\u00e9 interrompue lors de l&rsquo;aterrissage de l&rsquo;h\u00e9licopt\u00e8re du Samu 76. 20 sapeurs-pompiers ont \u00e9t\u00e9 mobilis\u00e9s sur cette intervention. <\/p>\n","protected":false},"excerpt":{"rendered":"Les faits se sont d\u00e9roul\u00e9s au niveau de la commune de Honguemare-Gu\u00e9nouville (Eure), pr\u00e8s de Bourg-Achard sur l&rsquo;autoroute&hellip;\n","protected":false},"author":2,"featured_media":357061,"comment_status":"","ping_status":"","sticky":false,"template":"","format":"standard","meta":{"footnotes":""},"categories":[9587],"tags":[1111,11,1777,674,1011,27,12,5161,25,9590],"class_list":{"0":"post-357060","1":"post","2":"type-post","3":"status-publish","4":"format-standard","5":"has-post-thumbnail","7":"category-rouen","8":"tag-actu","9":"tag-actualites","10":"tag-eu","11":"tag-europe","12":"tag-fr","13":"tag-france","14":"tag-news","15":"tag-normandie","16":"tag-republique-francaise","17":"tag-rouen"},"share_on_mastodon":{"url":"https:\/\/pubeurope.com\/@fr\/115125422940305694","error":""},"_links":{"self":[{"href":"https:\/\/www.europesays.com\/fr\/wp-json\/wp\/v2\/posts\/357060","targetHints":{"allow":["GET"]}}],"collection":[{"href":"https:\/\/www.europesays.com\/fr\/wp-json\/wp\/v2\/posts"}],"about":[{"href":"https:\/\/www.europesays.com\/fr\/wp-json\/wp\/v2\/types\/post"}],"author":[{"embeddable":true,"href":"https:\/\/www.europesays.com\/fr\/wp-json\/wp\/v2\/users\/2"}],"replies":[{"embeddable":true,"href":"https:\/\/www.europesays.com\/fr\/wp-json\/wp\/v2\/comments?post=357060"}],"version-history":[{"count":0,"href":"https:\/\/www.europesays.com\/fr\/wp-json\/wp\/v2\/posts\/357060\/revisions"}],"wp:featuredmedia":[{"embeddable":true,"href":"https:\/\/www.europesays.com\/fr\/wp-json\/wp\/v2\/media\/357061"}],"wp:attachment":[{"href":"https:\/\/www.europesays.com\/fr\/wp-json\/wp\/v2\/media?parent=357060"}],"wp:term":[{"taxonomy":"category","embeddable":true,"href":"https:\/\/www.europesays.com\/fr\/wp-json\/wp\/v2\/categories?post=357060"},{"taxonomy":"post_tag","embeddable":true,"href":"https:\/\/www.europesays.com\/fr\/wp-json\/wp\/v2\/tags?post=357060"}],"curies":[{"name":"wp","href":"https:\/\/api.w.org\/{rel}","templated":true}]}}