{"id":357062,"date":"2025-08-31T21:08:25","date_gmt":"2025-08-31T21:08:25","guid":{"rendered":"https:\/\/www.europesays.com\/fr\/357062\/"},"modified":"2025-08-31T21:08:25","modified_gmt":"2025-08-31T21:08:25","slug":"tous-les-resultats-de-la-2e-journee-et-le-classement","status":"publish","type":"post","link":"https:\/\/www.europesays.com\/fr\/357062\/","title":{"rendered":"tous les r\u00e9sultats de la 2e journ\u00e9e, et le classement"},"content":{"rendered":"<p>            Par<br \/>\n        <strong><br \/>\n            <a href=\"https:\/\/actu.fr\/auteur\/clement-mazella\" title=\"Consulter tous les articles de Cl\u00e9ment Mazella\" target=\"_blank\" rel=\"noopener\">Cl\u00e9ment Mazella<\/a><br \/>\n        <\/strong><\/p>\n<p>        Publi\u00e9 le<\/p>\n<p>            30 ao\u00fbt 2025 \u00e0 20h59        <\/p>\n<p>Vendredi 29 et samedi 30 ao\u00fbt ont \u00e9t\u00e9 le th\u00e9\u00e2tre de la 2e journ\u00e9e de <a href=\"https:\/\/actu.fr\/rugby\/nationale-rugby\" target=\"_blank\" rel=\"noopener\">Nationale<\/a>, championnat qui conna\u00eet <a href=\"https:\/\/actu.fr\/sports\/rugby\/pro\/rugby-nationale-un-seul-match-diffuse-par-journee-au-debut-voici-pourquoi_63059577.html\" target=\"_blank\" rel=\"noopener\">un petit couac au niveau de sa diffusion<\/a>. Qu\u2019importe, P\u00e9rigueux a fait fort en s\u2019offrant le scalp de l\u2019\u00e9pouvantail Nice, alors que Rouen n\u2019y arrive pas. Chamb\u00e9ry a chut\u00e9 \u00e0 Marcq-en-Bar\u0153ul. Retrouvez <strong>tous les r\u00e9sultats de la 2e journ\u00e9e<\/strong>, ainsi que le classement.<\/p>\n<p>Nice et Chamb\u00e9ry battus<\/p>\n<p class=\" wall-content\">Battu d\u2019entr\u00e9e \u00e0 domicile, Rouen est pass\u00e9 tout proche de la victoire \u00e0 Bourg-en-Bresse. Sauf qu\u2019un essai conc\u00e9d\u00e9 en toute fin de match le contraint \u00e0 un partage des points (18-18). P\u00e9rigueux, lui, est \u00e0 saluer, apr\u00e8s sa victoire contre Nice et son armada (19-15).<\/p>\n<p class=\" wall-content\">Battu \u00e0 Suresnes (19-10), Tarbes affiche toujours 0 point au classement. Chamb\u00e9ry, lui, est tomb\u00e9 sur le terrain de Marcq-en-Barouel, qui prend des unit\u00e9s pr\u00e9cieuses en vue du maintien. Succ\u00e8s important pour Rennes, alors que Narbonne a d\u00fb s\u2019employer.<\/p>\n<p>Nationale : Tous les r\u00e9sultats de la 2e journ\u00e9e<\/p>\n<ul class=\" wall-content\">\n<li>P\u00e9rigueux \u2013 Nice : 19-15<\/li>\n<li>Albi \u2013 Massy : 19-16<\/li>\n<li>Bourg-en-Bresse \u2013 Rouen : 18-18<\/li>\n<li>Suresnes \u2013 Tarbes : 19-10<\/li>\n<li>Marcq-en-Bar\u0153ul \u2013 Chamb\u00e9ry : 19-17<\/li>\n<li>Rennes \u2013 Bourgoin : 22-18<\/li>\n<li>Narbonne \u2013 Niort : 20-16<\/li>\n<\/ul>\n<p>Nationale : le classement<\/p>\n<p class=\" wall-content\">Voici le classement apr\u00e8s la 2e journ\u00e9e de Nationale : <a href=\"https:\/\/competitions.ffr.fr\/competitions\/nationale\/classements.html\" target=\"_blank\" rel=\"noopener\">ici<\/a>.<\/p>\n<p>Nationale : le programme de la 3e journ\u00e9e<\/p>\n<ul class=\" wall-content\">\n<li>Massy \u2013 Rennes : vendredi 5 septembre, 19h<\/li>\n<li>Tarbes \u2013 P\u00e9rigueux : vendredi 5 septembre, 19h<\/li>\n<li>Chamb\u00e9ry \u2013 Narbonne : vendredi 5 septembre, 19h30<\/li>\n<li>Rouen \u2013 Marcq-en-Baroeul : vendredi 5 septembre, 20h<\/li>\n<li>Niort \u2013 Albi : samedi 6 septembre, 15h<\/li>\n<li>Suresnes \u2013 Bourg-en-Bresse : samedi 6 septembre, 15h<\/li>\n<li>Bourgoin \u2013 Jallieu \u2013 Nissa Rugby : samedi 6 septembre, 19h<\/li>\n<\/ul>\n<p class=\" wall-content\">Personnalisez votre actualit\u00e9 en ajoutant vos villes et m\u00e9dias en favori avec <a href=\"https:\/\/moncompte.actu.fr\" title=\"D\u00e9couvez Mon Actu\" rel=\"nofollow noopener\" data-trk=\"{&quot;cta&quot;:{&quot;action&quot;:&quot;https:\\\/\\\/moncompte.actu.fr&quot;,&quot;category&quot;:&quot;mon compte&quot;,&quot;from&quot;:&quot;article footer&quot;,&quot;name&quot;:&quot;Mon actu&quot;,&quot;type&quot;:&quot;cta&quot;}}\" target=\"_blank\">Mon Actu<\/a>.<\/p>\n","protected":false},"excerpt":{"rendered":"Par Cl\u00e9ment Mazella Publi\u00e9 le 30 ao\u00fbt 2025 \u00e0 20h59 Vendredi 29 et samedi 30 ao\u00fbt ont \u00e9t\u00e9&hellip;\n","protected":false},"author":2,"featured_media":357063,"comment_status":"","ping_status":"","sticky":false,"template":"","format":"standard","meta":{"footnotes":""},"categories":[9587],"tags":[1111,11,1777,674,1011,27,4361,12,5161,3788,25,9590,479,60],"class_list":{"0":"post-357062","1":"post","2":"type-post","3":"status-publish","4":"format-standard","5":"has-post-thumbnail","7":"category-rouen","8":"tag-actu","9":"tag-actualites","10":"tag-eu","11":"tag-europe","12":"tag-fr","13":"tag-france","14":"tag-nationale","15":"tag-news","16":"tag-normandie","17":"tag-pro","18":"tag-republique-francaise","19":"tag-rouen","20":"tag-rugby","21":"tag-sports"},"share_on_mastodon":{"url":"https:\/\/pubeurope.com\/@fr\/115125426729146023","error":""},"_links":{"self":[{"href":"https:\/\/www.europesays.com\/fr\/wp-json\/wp\/v2\/posts\/357062","targetHints":{"allow":["GET"]}}],"collection":[{"href":"https:\/\/www.europesays.com\/fr\/wp-json\/wp\/v2\/posts"}],"about":[{"href":"https:\/\/www.europesays.com\/fr\/wp-json\/wp\/v2\/types\/post"}],"author":[{"embeddable":true,"href":"https:\/\/www.europesays.com\/fr\/wp-json\/wp\/v2\/users\/2"}],"replies":[{"embeddable":true,"href":"https:\/\/www.europesays.com\/fr\/wp-json\/wp\/v2\/comments?post=357062"}],"version-history":[{"count":0,"href":"https:\/\/www.europesays.com\/fr\/wp-json\/wp\/v2\/posts\/357062\/revisions"}],"wp:featuredmedia":[{"embeddable":true,"href":"https:\/\/www.europesays.com\/fr\/wp-json\/wp\/v2\/media\/357063"}],"wp:attachment":[{"href":"https:\/\/www.europesays.com\/fr\/wp-json\/wp\/v2\/media?parent=357062"}],"wp:term":[{"taxonomy":"category","embeddable":true,"href":"https:\/\/www.europesays.com\/fr\/wp-json\/wp\/v2\/categories?post=357062"},{"taxonomy":"post_tag","embeddable":true,"href":"https:\/\/www.europesays.com\/fr\/wp-json\/wp\/v2\/tags?post=357062"}],"curies":[{"name":"wp","href":"https:\/\/api.w.org\/{rel}","templated":true}]}}