{"id":357064,"date":"2025-08-31T21:15:16","date_gmt":"2025-08-31T21:15:16","guid":{"rendered":"https:\/\/www.europesays.com\/fr\/357064\/"},"modified":"2025-08-31T21:15:16","modified_gmt":"2025-08-31T21:15:16","slug":"horneland-a-ete-force-de-changer-ses-plans-contre-grenoble","status":"publish","type":"post","link":"https:\/\/www.europesays.com\/fr\/357064\/","title":{"rendered":"Horneland a \u00e9t\u00e9 forc\u00e9 de changer ses plans contre Grenoble"},"content":{"rendered":"<p>Pour d\u00e9buter cette rencontre, Eirik Horneland avait d\u00e9cid\u00e9 d&rsquo;aligner Maxime Bernauer en tant que lat\u00e9ral gauche. Un choix plut\u00f4t payant puisque le d\u00e9fenseur qui revenait tout juste de blessure a \u00e9t\u00e9 plut\u00f4t \u00e0 son avantage. Au milieu de terrain, le trio Jaber &#8211; Tardieu &#8211; Moueffek encha\u00eenait tandis que devant, Davitashvili \u00e9tait align\u00e9 avec Cardona et Duffus, pr\u00e9f\u00e9r\u00e9s \u00e0 Boakye et Stassin.\u00a0<\/p>\n<p>\u00c0 la mi-temps, <strong>Eirik Horneland<\/strong> a d\u00fb effectuer deux changements au milieu de terrain : <strong>Mahmoud Jaber<\/strong> et <strong>A\u00efmen Moueffek<\/strong> ont \u00e9t\u00e9 remplac\u00e9s par les jeunes <strong>Luan Gadegbeku<\/strong> et <strong>Nadir El Jamali<\/strong>. <strong>Eirik Horneland<\/strong> a confi\u00e9 en conf\u00e9rence de presse que \u00e7a a \u00e9t\u00e9 des changements forc\u00e9s par les blessures de <strong>Mahmoud Jaber<\/strong> et <strong>A\u00efmen Moueffek<\/strong>. <strong>Lucas Stassin<\/strong> et <strong>Augustine Boakye<\/strong> entr\u00e9s tous les deux en fin de match, respectivement \u00e0 la 76\u00e8me et la 82\u00e8me minute, auraient d\u00fb b\u00e9n\u00e9ficier d&rsquo;un temps de jeu plus cons\u00e9quent sans ces al\u00e9as : \u00ab\u00a0On a aussi d\u00fb changer deux joueurs \u00e0 la mi-temps notamment Jaber qui a subi un tacle qui aurait d\u00fb sortir le joueur adverse. Deux joueurs ont du sortir. Jaber a \u00e9t\u00e9 bless\u00e9, une grosse blessure au niveau du pied, il y aurait du avoir carton rouge, c&rsquo;est une erreur de l\u2019arbitre. (\u2026) Gadegbeku et El Jamali ont tous les deux fait du bon boulot au milieu de terrain mais ce n\u2019\u00e9tait pas notre intention de base, on voulait faire entrer plus t\u00f4t Stassin et Boakye mais on n\u2019a pas pu \u00e0 cause de ces faits de jeu.\u00a0\u00bb<\/p>\n<blockquote class=\"twitter-tweet\">\n<p dir=\"ltr\" lang=\"fr\">Ligue 2 &#8211; Un point et des regrets pour l&rsquo;ASSE face au GF38 <a href=\"https:\/\/twitter.com\/hashtag\/ASSE?src=hash&amp;ref_src=twsrc%5Etfw\" rel=\"nofollow noopener\" target=\"_blank\">#ASSE<\/a> <a href=\"https:\/\/t.co\/EIw5QLxogd\" rel=\"nofollow\">https:\/\/t.co\/EIw5QLxogd<\/a><\/p>\n<p>\u2014 Envertetcontretous (@Site_Evect) <a href=\"https:\/\/twitter.com\/Site_Evect\/status\/1961881182976565275?ref_src=twsrc%5Etfw\" rel=\"nofollow noopener\" target=\"_blank\">August 30, 2025<\/a><\/p><\/blockquote>\n<p>                  <a href=\"https:\/\/media.unibet.fr\/redirect.aspx?pid=274690&amp;bid=4442\" rel=\"nofollow noopener\" target=\"_blank\"><img decoding=\"async\" src=\"https:\/\/www.europesays.com\/fr\/wp-content\/uploads\/2025\/06\/EVECT10_560x100_V2.gif\" class=\"img-fluid\" alt=\"Pariez sur l'ASSE avec Unibet\" style=\"max-width: auto !important;margin-left: 0 !important;width: 100%;\"\/><\/a><\/p>\n<p>                         <script async src=\"https:\/\/platform.twitter.com\/widgets.js\" charset=\"utf-8\"><\/script><\/p>\n","protected":false},"excerpt":{"rendered":"Pour d\u00e9buter cette rencontre, Eirik Horneland avait d\u00e9cid\u00e9 d&rsquo;aligner Maxime Bernauer en tant que lat\u00e9ral gauche. Un choix&hellip;\n","protected":false},"author":2,"featured_media":356053,"comment_status":"","ping_status":"","sticky":false,"template":"","format":"standard","meta":{"footnotes":""},"categories":[9566],"tags":[1111,11,2430,1777,674,1011,27,2731,12,25],"class_list":{"0":"post-357064","1":"post","2":"type-post","3":"status-publish","4":"format-standard","5":"has-post-thumbnail","7":"category-grenoble","8":"tag-actu","9":"tag-actualites","10":"tag-auvergne-rhone-alpes","11":"tag-eu","12":"tag-europe","13":"tag-fr","14":"tag-france","15":"tag-grenoble","16":"tag-news","17":"tag-republique-francaise"},"share_on_mastodon":{"url":"https:\/\/pubeurope.com\/@fr\/115125454612649506","error":""},"_links":{"self":[{"href":"https:\/\/www.europesays.com\/fr\/wp-json\/wp\/v2\/posts\/357064","targetHints":{"allow":["GET"]}}],"collection":[{"href":"https:\/\/www.europesays.com\/fr\/wp-json\/wp\/v2\/posts"}],"about":[{"href":"https:\/\/www.europesays.com\/fr\/wp-json\/wp\/v2\/types\/post"}],"author":[{"embeddable":true,"href":"https:\/\/www.europesays.com\/fr\/wp-json\/wp\/v2\/users\/2"}],"replies":[{"embeddable":true,"href":"https:\/\/www.europesays.com\/fr\/wp-json\/wp\/v2\/comments?post=357064"}],"version-history":[{"count":0,"href":"https:\/\/www.europesays.com\/fr\/wp-json\/wp\/v2\/posts\/357064\/revisions"}],"wp:featuredmedia":[{"embeddable":true,"href":"https:\/\/www.europesays.com\/fr\/wp-json\/wp\/v2\/media\/356053"}],"wp:attachment":[{"href":"https:\/\/www.europesays.com\/fr\/wp-json\/wp\/v2\/media?parent=357064"}],"wp:term":[{"taxonomy":"category","embeddable":true,"href":"https:\/\/www.europesays.com\/fr\/wp-json\/wp\/v2\/categories?post=357064"},{"taxonomy":"post_tag","embeddable":true,"href":"https:\/\/www.europesays.com\/fr\/wp-json\/wp\/v2\/tags?post=357064"}],"curies":[{"name":"wp","href":"https:\/\/api.w.org\/{rel}","templated":true}]}}