{"id":357071,"date":"2025-08-31T21:19:10","date_gmt":"2025-08-31T21:19:10","guid":{"rendered":"https:\/\/www.europesays.com\/fr\/357071\/"},"modified":"2025-08-31T21:19:10","modified_gmt":"2025-08-31T21:19:10","slug":"info-va-strasbourg-un-homme-blesse-a-la-machette-lagresseur-en-fuite","status":"publish","type":"post","link":"https:\/\/www.europesays.com\/fr\/357071\/","title":{"rendered":"[Info VA] Strasbourg : un homme bless\u00e9 \u00e0 la machette, l\u2019agresseur en fuite"},"content":{"rendered":"<p>Une violente altercation a \u00e9clat\u00e9 le 31 ao\u00fbt 2025 vers 14 h 30 dans le quartier de Neuhof, a indiqu\u00e9 une source polici\u00e8re \u00e0 Valeurs Actuelles.<\/p>\n<p>La rixe opposait des jeunes de la communaut\u00e9 des gens du voyage \u00e0 des habitants du quartier. Un jeune de 18 ans a \u00e9t\u00e9 bless\u00e9 \u00e0 l\u2019\u00e9paule par coups de machette.<\/p>\n<\/p>\n<p>Une enqu\u00eate ouverte<\/p>\n<p>Le suspect de l\u2019agression a pris la fuite, et l\u2019arme n\u2019a pas encore \u00e9t\u00e9 retrouv\u00e9e. La victime, connue des services de police et inscrite au TAJ (Traitement des ant\u00e9c\u00e9dents judiciaires), a \u00e9t\u00e9 transport\u00e9e au centre hospitalier. Ses jours ne sont pas en danger. Une enqu\u00eate a \u00e9t\u00e9 ouverte.<\/p>\n","protected":false},"excerpt":{"rendered":"Une violente altercation a \u00e9clat\u00e9 le 31 ao\u00fbt 2025 vers 14 h 30 dans le quartier de Neuhof,&hellip;\n","protected":false},"author":2,"featured_media":55174,"comment_status":"","ping_status":"","sticky":false,"template":"","format":"standard","meta":{"footnotes":""},"categories":[2820],"tags":[1111,11,1120,1777,674,1011,27,2903,775,32037,12,25,5510,640,2949],"class_list":{"0":"post-357071","1":"post","2":"type-post","3":"status-publish","4":"format-standard","5":"has-post-thumbnail","7":"category-strasbourg","8":"tag-actu","9":"tag-actualites","10":"tag-agression","11":"tag-eu","12":"tag-europe","13":"tag-fr","14":"tag-france","15":"tag-gens-du-voyage","16":"tag-grand-est","17":"tag-machette","18":"tag-news","19":"tag-republique-francaise","20":"tag-rixe","21":"tag-strasbourg","22":"tag-violences"},"share_on_mastodon":{"url":"https:\/\/pubeurope.com\/@fr\/115125470058545986","error":""},"_links":{"self":[{"href":"https:\/\/www.europesays.com\/fr\/wp-json\/wp\/v2\/posts\/357071","targetHints":{"allow":["GET"]}}],"collection":[{"href":"https:\/\/www.europesays.com\/fr\/wp-json\/wp\/v2\/posts"}],"about":[{"href":"https:\/\/www.europesays.com\/fr\/wp-json\/wp\/v2\/types\/post"}],"author":[{"embeddable":true,"href":"https:\/\/www.europesays.com\/fr\/wp-json\/wp\/v2\/users\/2"}],"replies":[{"embeddable":true,"href":"https:\/\/www.europesays.com\/fr\/wp-json\/wp\/v2\/comments?post=357071"}],"version-history":[{"count":0,"href":"https:\/\/www.europesays.com\/fr\/wp-json\/wp\/v2\/posts\/357071\/revisions"}],"wp:featuredmedia":[{"embeddable":true,"href":"https:\/\/www.europesays.com\/fr\/wp-json\/wp\/v2\/media\/55174"}],"wp:attachment":[{"href":"https:\/\/www.europesays.com\/fr\/wp-json\/wp\/v2\/media?parent=357071"}],"wp:term":[{"taxonomy":"category","embeddable":true,"href":"https:\/\/www.europesays.com\/fr\/wp-json\/wp\/v2\/categories?post=357071"},{"taxonomy":"post_tag","embeddable":true,"href":"https:\/\/www.europesays.com\/fr\/wp-json\/wp\/v2\/tags?post=357071"}],"curies":[{"name":"wp","href":"https:\/\/api.w.org\/{rel}","templated":true}]}}