{"id":357078,"date":"2025-08-31T21:33:10","date_gmt":"2025-08-31T21:33:10","guid":{"rendered":"https:\/\/www.europesays.com\/fr\/357078\/"},"modified":"2025-08-31T21:33:10","modified_gmt":"2025-08-31T21:33:10","slug":"un-retour-attendu-entre-memoire-et-renaissance","status":"publish","type":"post","link":"https:\/\/www.europesays.com\/fr\/357078\/","title":{"rendered":"un retour attendu entre m\u00e9moire et renaissance"},"content":{"rendered":"<p>Trente ans apr\u00e8s Huit Barr\u00e9 et un exil f\u00e9cond au Qu\u00e9bec, Daran revient en Gironde. Le samedi 20 septembre 2025, la salle Sortie 13 \u00e0 Pessac accueillera ce rendez-vous singulier\u00a0: un concert en power-trio qui m\u00ealera r\u00e9pertoire historique et titres de son dernier album Grand H\u00f4tel Apocalypse.<\/p>\n<p>\n                      Un retour bordelais inscrit dans une histoire longue<\/p>\n<p>\u00c0 Bordeaux, le nom de <strong>Daran<\/strong> r\u00e9sonne depuis longtemps. Les plus anciens se souviennent encore d\u2019un concert donn\u00e9 \u00e0 la fin des ann\u00e9es 1990, autour de l\u2019album D\u00e9m\u00e9nag\u00e9, au regrett\u00e9 Cricketers, bar embl\u00e9matique du quai de Paludate aujourd\u2019hui disparu. Plus r\u00e9cemment, en octobre 2019, il foulait la sc\u00e8ne de l\u2019INOX, invit\u00e9 par l\u2019association Bordeaux Chanson, seul avec sa guitare pour une soir\u00e9e intimiste. Son passage \u00e0 Pessac marquera cette fois un retour en formation resserr\u00e9e, mais \u00e9lectrique, \u00e0 l\u2019heure o\u00f9 sa discographie franchit de nouveaux caps.<\/p>\n<p>L\u2019ann\u00e9e 2024 a vu para\u00eetre Grand H\u00f4tel Apocalypse (novembre), douzi\u00e8me album studio, sept ans apr\u00e8s Endorphine (2017). \u00c9crit et enregistr\u00e9 entre Montr\u00e9al, la Bretagne, le Mexique et la Californie, l\u2019album donne \u00e0 entendre un rock sans appr\u00eats, b\u00e2ti autour d\u2019une guitare, d\u2019une basse et d\u2019une batterie. Cette sobri\u00e9t\u00e9 instrumentale rappelle l\u2019\u00e9nergie brute de ses d\u00e9buts, tout en offrant des textes d\u2019une grande densit\u00e9.<\/p>\n<p>De Huit Barr\u00e9 \u00e0 l\u2019exil qu\u00e9b\u00e9cois<\/p>\n<p>Daran s\u2019\u00e9tait r\u00e9v\u00e9l\u00e9 au grand public au milieu des ann\u00e9es 1990 avec Huit Barr\u00e9, dont nous c\u00e9l\u00e9brons les trente ans. Ce disque, port\u00e9 par des chansons devenues embl\u00e9matiques, \u00e0 l\u2019image de Dormir Dehors, a marqu\u00e9 toute une g\u00e9n\u00e9ration. Depuis, l\u2019artiste a explor\u00e9 plusieurs chemins, oscillant entre rock rugueux et ballades plus intimes.<\/p>\n<p>Son d\u00e9part pour Montr\u00e9al, au d\u00e9but des ann\u00e9es 2010, a ouvert une nouvelle phase. Dans les entretiens qu\u2019il a donn\u00e9s, il explique combien ce changement de continent a transform\u00e9 son regard et nourri sa musique. Le Qu\u00e9bec l\u2019a confront\u00e9 \u00e0 d\u2019autres paysages, d\u2019autres rythmes de vie, et cette distance a red\u00e9fini son rapport \u00e0 la sc\u00e8ne fran\u00e7aise.<\/p>\n<p>Des textes cisel\u00e9s avec Pierre-Yves Lebert<\/p>\n<p>Depuis P\u00eacheur de Pierres (2002), Daran travaille avec <strong>Pierre-Yves Lebert<\/strong>. De cette collaboration est n\u00e9e une \u00e9criture o\u00f9 les images po\u00e9tiques se frottent \u00e0 une lucidit\u00e9 parfois \u00e2pre. Dans Grand H\u00f4tel Apocalypse, on entend la r\u00e9volte face aux chaos du monde mais aussi des \u00e9lans d\u2019intimit\u00e9.<\/p>\n<p>Dans Grand H\u00f4tel Apocalypse, chanson-titre, Daran poursuit son exploration des failles humaines, oscillant entre l\u2019intime et le collectif et dresse un d\u00e9cor chaotique o\u00f9 l\u2019on danse encore \u00ab\u00a0sur les d\u00e9combres\u00a0\u00bb, comme pour conjurer l\u2019effondrement du monde. Dans Tu fais semblant, il met \u00e0 nu les masques de l\u2019\u00e2ge adulte, confront\u00e9s au miroir implacable de l\u2019adolescence qui rappelle ce que l\u2019on a reni\u00e9\u00a0; Je n\u2019ai jamais vu personne adopte la forme d\u2019une litanie universelle pour affirmer que, malgr\u00e9 la diversit\u00e9 des destins, l\u2019amour demeure une \u00e9vidence partag\u00e9e. L\u2019album trouve sa coh\u00e9rence dans une \u00e9criture r\u00e9p\u00e9titive et incantatoire qui \u00e9pouse la voix grave et \u00e9raill\u00e9e de Daran, donnant naissance \u00e0 une \u0153uvre de maturit\u00e9, lucide mais jamais d\u00e9sesp\u00e9r\u00e9e.<\/p>\n<p>Une voix et une pr\u00e9sence singuli\u00e8res<\/p>\n<p>Ce qui frappe, depuis toujours, c\u2019est la voix de Daran. Grave, l\u00e9g\u00e8rement \u00e9raill\u00e9e, elle conserve une intensit\u00e9 singuli\u00e8re. Elle n\u2019impose pas, elle insiste, parfois sur le fil, parfois comme une confession arrach\u00e9e. En concert, cette voix devient le centre d\u2019un dispositif sc\u00e9nique d\u00e9pouill\u00e9.<\/p>\n<p>La tourn\u00e9e actuelle se d\u00e9ploie en power-trio. Pas d\u2019artifices\u00a0: les instruments branch\u00e9s directement dans les amplis, une \u00e9nergie brute. Cette esth\u00e9tique sans fioritures souligne la mati\u00e8re vocale. Loin des relectures nostalgiques, il s\u2019agit plut\u00f4t de revenir \u00e0 l\u2019os, \u00e0 l\u2019essentiel, en coh\u00e9rence avec un album qui scrute la libert\u00e9, la perte et la qu\u00eate de soi.<\/p>\n<p>Un artiste aux multiples visages<\/p>\n<p>Outre ses propres albums, Daran a compos\u00e9 pour d\u2019autres\u00a0: <strong>Florent Pagny<\/strong>, <strong>Johnny Hallyday<\/strong>, ou encore la regrett\u00e9e <strong>Maurane<\/strong>, avec qui il partagea le titre Dernier Voyage. Autant de collaborations qui rappellent que son \u00e9criture et sa musique circulent au-del\u00e0 de ses disques.<\/p>\n<p>Une carri\u00e8re discr\u00e8te, loin des circuits commerciaux<\/p>\n<p>Malgr\u00e9 une discographie riche et des collaborations marquantes, Daran est rest\u00e9 fid\u00e8le \u00e0 une forme de retrait. Loin des logiques commerciales et des grandes machines m\u00e9diatiques, il poursuit un chemin singulier, concentr\u00e9 sur l\u2019exigence de ses chansons. Ce choix de discr\u00e9tion explique en partie pourquoi sa trajectoire, jalonn\u00e9e de succ\u00e8s et de rencontres artistiques, se vit davantage dans la dur\u00e9e que dans l\u2019\u00e9clat de l\u2019instant. Son concert de Pessac s\u2019inscrit dans cette continuit\u00e9\u00a0: un rendez-vous qui privil\u00e9gie la sinc\u00e9rit\u00e9 de la sc\u00e8ne \u00e0 la recherche d\u2019effets.<\/p>\n<p><strong>Infos pratiques<\/strong><br class=\"autobr\"\/><br \/>\n<strong>Date<\/strong>\u00a0: samedi 20 septembre 2025<br class=\"autobr\"\/><br \/>\n<strong>Lieu<\/strong>\u00a0: Sortie 13, Pessac<br class=\"autobr\"\/><br \/>\n<strong>Acc\u00e8s<\/strong>\u00a0: tram B, arr\u00eat France Alouette (puis 10 min \u00e0 pied)<br class=\"autobr\"\/><br \/>\n<strong>Billetterie<\/strong>\u00a0: <a href=\"https:\/\/my.weezevent.com\/daran?_gl=1*8vf88u*_gcl_au*Mjc4OTQwMTA4LjE3NDEwODAzNTUuMTAxMzI4NjQyLjE3NDQ5OTEwNDYuMTc0NDk5MTA0Ng..*_ga*MTk2NDkwNDA4Ni4xNjMzNTE0NTM0*_ga_39H9VBFX7G*MTc0NTQ3OTU0MC4xNjYwLjEuMTc0NTQ4MDU1Ny4zOC4wLjY3NjQ3NTAxNA..\" class=\"spip_out\" rel=\"external nofollow noopener\" target=\"_blank\">Lien<\/a><\/p>\n","protected":false},"excerpt":{"rendered":"Trente ans apr\u00e8s Huit Barr\u00e9 et un exil f\u00e9cond au Qu\u00e9bec, Daran revient en Gironde. Le samedi 20&hellip;\n","protected":false},"author":2,"featured_media":357079,"comment_status":"","ping_status":"","sticky":false,"template":"","format":"standard","meta":{"footnotes":""},"categories":[2817],"tags":[1111,11,1997,1777,674,1011,27,12,2219,25],"class_list":{"0":"post-357078","1":"post","2":"type-post","3":"status-publish","4":"format-standard","5":"has-post-thumbnail","7":"category-bordeaux","8":"tag-actu","9":"tag-actualites","10":"tag-bordeaux","11":"tag-eu","12":"tag-europe","13":"tag-fr","14":"tag-france","15":"tag-news","16":"tag-nouvelle-aquitaine","17":"tag-republique-francaise"},"share_on_mastodon":{"url":"https:\/\/pubeurope.com\/@fr\/115125525254576093","error":""},"_links":{"self":[{"href":"https:\/\/www.europesays.com\/fr\/wp-json\/wp\/v2\/posts\/357078","targetHints":{"allow":["GET"]}}],"collection":[{"href":"https:\/\/www.europesays.com\/fr\/wp-json\/wp\/v2\/posts"}],"about":[{"href":"https:\/\/www.europesays.com\/fr\/wp-json\/wp\/v2\/types\/post"}],"author":[{"embeddable":true,"href":"https:\/\/www.europesays.com\/fr\/wp-json\/wp\/v2\/users\/2"}],"replies":[{"embeddable":true,"href":"https:\/\/www.europesays.com\/fr\/wp-json\/wp\/v2\/comments?post=357078"}],"version-history":[{"count":0,"href":"https:\/\/www.europesays.com\/fr\/wp-json\/wp\/v2\/posts\/357078\/revisions"}],"wp:featuredmedia":[{"embeddable":true,"href":"https:\/\/www.europesays.com\/fr\/wp-json\/wp\/v2\/media\/357079"}],"wp:attachment":[{"href":"https:\/\/www.europesays.com\/fr\/wp-json\/wp\/v2\/media?parent=357078"}],"wp:term":[{"taxonomy":"category","embeddable":true,"href":"https:\/\/www.europesays.com\/fr\/wp-json\/wp\/v2\/categories?post=357078"},{"taxonomy":"post_tag","embeddable":true,"href":"https:\/\/www.europesays.com\/fr\/wp-json\/wp\/v2\/tags?post=357078"}],"curies":[{"name":"wp","href":"https:\/\/api.w.org\/{rel}","templated":true}]}}