{"id":357088,"date":"2025-08-31T21:39:18","date_gmt":"2025-08-31T21:39:18","guid":{"rendered":"https:\/\/www.europesays.com\/fr\/357088\/"},"modified":"2025-08-31T21:39:18","modified_gmt":"2025-08-31T21:39:18","slug":"jespere-quil-pleuvra-vraiment-parce-quon-me-met-en-galere","status":"publish","type":"post","link":"https:\/\/www.europesays.com\/fr\/357088\/","title":{"rendered":"J&rsquo;esp\u00e8re qu&rsquo;il pleuvra vraiment parce qu&rsquo;on me met en gal\u00e8re"},"content":{"rendered":"<p><a href=\"https:\/\/www.laprovence.com\/article\/region\/78870902523698\/la-rentree-scolaire-reportee-a-mardi-dans-les-bouches-du-rhone-en-raison-de-la-meteo\" target=\"_blank\" rel=\"noopener\">D\u00e9caler la rentr\u00e9e scolaire<\/a> de vingt-quatre heures. L&rsquo;apprendre parfois totalement par hasard la veille. La d\u00e9cision du pr\u00e9fet des Bouches-du-Rh\u00f4ne a pour le moins surpris les personnels de l&rsquo;Education nationale et les <a href=\"https:\/\/www.laprovence.com\/article\/societe\/5270297876915314\/video-eleves-enseignants-inspecteurs-de-3-a-47-ans-ils-vont-faire-leur-premiere-rentree\" target=\"_blank\" rel=\"noopener\">parents d&rsquo;\u00e9l\u00e8ves<\/a> qui profitaient de leurs derni\u00e8res heures de vacances avant la grande reprise ce dimanche.<\/p>\n<p>Des parents qui comme Deborah dont le fils entre en moyenne section \u00e0 Aubagne avait pass\u00e9 la matin\u00e9e \u00e0 soigneusement pr\u00e9parer les affaires <a href=\"https:\/\/www.laprovence.com\/article\/societe\/5270297876915314\/video-eleves-enseignants-inspecteurs-de-3-a-47-ans-ils-vont-faire-leur-premiere-rentree\" target=\"_blank\" rel=\"noopener\">d&rsquo;\u00e9cole:<\/a> \u00ab\u00a0on a \u00e9tiquet\u00e9 tous les habits, pr\u00e9par\u00e9 le sac, la tenue. Mon fils est d\u00e9\u00e7u car il avait h\u00e2te de retrouver tous ses amis\u00a0\u00bb.\u00a0 Mais Deborah s&rsquo;estime chanceuse, enseignante, elle pourra garder son fils lundi 1er septembre.\u00a0<\/p>\n<p>\u00ab\u00a0C&rsquo;\u00e9tait tout bien cadr\u00e9 et l\u00e0, il faut tout r\u00e9organiser\u00a0\u00bb<\/p>\n<p>Alexandra, elle, se pr\u00e9parait d\u00e9j\u00e0 \u00e0 une rentr\u00e9e charg\u00e9e : ses jumeaux de six ans rentrent en CP \u00e0 Beaudinard, son fils a\u00een\u00e9, en 6e \u00e0 Aubagne. \u00ab\u00a0C&rsquo;\u00e9tait tout bien cadr\u00e9 et l\u00e0, il faut tout r\u00e9organiser\u00a0\u00bb, explique-t-elle. Comme son mari, Alexandra travaille \u00e0 son compte, dans les travaux publics et le nettoyage. Son mari avait d\u00e9cal\u00e9 un d\u00e9placement professionnel \u00e0 mardi pour qu&rsquo;ils puissent ensemble accompagner les trois enfants. C&rsquo;\u00e9tait ensuite lui qui \u00e9tait charg\u00e9 de r\u00e9cup\u00e9rer l&rsquo;a\u00een\u00e9 au coll\u00e8ge \u00e0 13h30 puis les jumeaux \u00e0 16h30.\u00a0<\/p>\n<p>\u00ab\u00a0Il ne peut pas repousser son d\u00e9part en d\u00e9placement donc d\u00e8s mardi matin, je suis seule pour la rentr\u00e9e. J&rsquo;avais organis\u00e9 toute ma semaine en fonction de mes enfants. Je vais d\u00e9caler mes clients mardi. Je devais commencer \u00e0 8h30\u00a0\u00bb, assure-t-elle, avant de reprendre, \u00ab\u00a0je comprends la d\u00e9cision. C&rsquo;est une s\u00e9curit\u00e9 pour les enfants. Mais j&rsquo;esp\u00e8re qu&rsquo;il pleuvra vraiment parce que l\u00e0, on me met en gal\u00e8re.\u00a0\u00bb<\/p>\n<p>Dans la m\u00eame \u00e9cole que ses jumeaux, Marine devait s&rsquo;occuper de la rentr\u00e9e de son petit dernier en petite section, de sa deuxi\u00e8me en CM1 alors que son a\u00een\u00e9e rentrait en 6e au coll\u00e8ge de Roquevaire. Une rentr\u00e9e charg\u00e9e mais aussi sp\u00e9ciale car elle correspondait \u00e0 sa reprise du travail apr\u00e8s un cong\u00e9 parental. Marine a repris jeudi 28 ao\u00fbt. \u00ab\u00a0Je m&rsquo;\u00e9tais arrang\u00e9 avec les deux papas de mes enfants et le papy\u00a0\u00bb, d\u00e9taille-t-elle.\u00a0<\/p>\n<p>\u00ab\u00a0Je ne peux pas demander \u00e0 mes coll\u00e8gues de me remplacer\u00a0\u00bb<\/p>\n<p>Son dimanche apr\u00e8s-midi \u00e9tait donc consacr\u00e9 \u00e0 joindre tout ce petit monde pour trouver comment amener ses trois enfants \u00e0 l&rsquo;\u00e9cole en temps et en heure. D&rsquo;autant plus que sa fille en 6e ne fera finalement sa rentr\u00e9e que le jeudi matin.\u00a0<\/p>\n<p>Chez Emilie \u00e0 Gardanne, c&rsquo;est une rentr\u00e9e en tr\u00e8s petite section qui se profile pour son fils de 2 ans et demi&#8230; Et une grosse d\u00e9ception \u00e0 la cl\u00e9. \u00ab\u00a0Mardi quand il fera sa rentr\u00e9e, je serai au travail de 8h30 \u00e0 18h30. Du jour au lendemain, je ne peux pas demander \u00e0 mes coll\u00e8gues de me remplacer. J&rsquo;avais d\u00e9j\u00e0 loup\u00e9 sa rentr\u00e9e en cr\u00e8che, je vais louper celle de l&rsquo;\u00e9cole aussi. Pour moi, cette rentr\u00e9e, c&rsquo;est une grande \u00e9tape.\u00a0\u00bb\u00a0<\/p>\n<p>Mais heureusement pour certains parents, l&rsquo;entraide b\u00e2t son plein. C&rsquo;est le cas de Laetitia \u00e0 Peyrolles-en-Provence. Lundi, elle gardera ses trois enfants qui devaient rentrer en 6e, CM2 et petite section. \u00ab\u00a0Je garderai \u00e9galement les deux enfants de ma voisine qui elle ma\u00eetresse dans un autre d\u00e9partement doit aller faire sa rentr\u00e9e ! Une autre de nos voisines travaillant dans le priv\u00e9 ne peut prendre sa journ\u00e9e donc nous allons nous relayer pour garder ses enfants.\u00a0\u00bb<\/p>\n<p>Une organisation efficace et bien rod\u00e9e. \u00ab\u00a0Heureusement nous habitons un super village o\u00f9 nous essayons d&rsquo;\u00eatre toujours l\u00e0 les uns pour les autres !\u00a0\u00bb Et mardi, Laetitia a pr\u00e9venu son chef, elle ne sera pas l\u00e0 pour assurer la rentr\u00e9e. Une bonne fois pour toutes.\u00a0<\/p>\n","protected":false},"excerpt":{"rendered":"D\u00e9caler la rentr\u00e9e scolaire de vingt-quatre heures. L&rsquo;apprendre parfois totalement par hasard la veille. La d\u00e9cision du pr\u00e9fet&hellip;\n","protected":false},"author":2,"featured_media":357089,"comment_status":"","ping_status":"","sticky":false,"template":"","format":"standard","meta":{"footnotes":""},"categories":[2814],"tags":[17,1111,11,49274,154,1777,674,1011,27,49275,884,12,3306,882,18017,16,28313,49273,25],"class_list":{"0":"post-357088","1":"post","2":"type-post","3":"status-publish","4":"format-standard","5":"has-post-thumbnail","7":"category-marseille","8":"tag-17","9":"tag-actu","10":"tag-actualites","11":"tag-casse-tete","12":"tag-des","13":"tag-eu","14":"tag-europe","15":"tag-fr","16":"tag-france","17":"tag-jespere","18":"tag-marseille","19":"tag-news","20":"tag-parents","21":"tag-provence-alpes-cote-dazur","22":"tag-quil","23":"tag-region","24":"tag-rentree","25":"tag-reportee","26":"tag-republique-francaise"},"share_on_mastodon":{"url":"https:\/\/pubeurope.com\/@fr\/115125548793569790","error":""},"_links":{"self":[{"href":"https:\/\/www.europesays.com\/fr\/wp-json\/wp\/v2\/posts\/357088","targetHints":{"allow":["GET"]}}],"collection":[{"href":"https:\/\/www.europesays.com\/fr\/wp-json\/wp\/v2\/posts"}],"about":[{"href":"https:\/\/www.europesays.com\/fr\/wp-json\/wp\/v2\/types\/post"}],"author":[{"embeddable":true,"href":"https:\/\/www.europesays.com\/fr\/wp-json\/wp\/v2\/users\/2"}],"replies":[{"embeddable":true,"href":"https:\/\/www.europesays.com\/fr\/wp-json\/wp\/v2\/comments?post=357088"}],"version-history":[{"count":0,"href":"https:\/\/www.europesays.com\/fr\/wp-json\/wp\/v2\/posts\/357088\/revisions"}],"wp:featuredmedia":[{"embeddable":true,"href":"https:\/\/www.europesays.com\/fr\/wp-json\/wp\/v2\/media\/357089"}],"wp:attachment":[{"href":"https:\/\/www.europesays.com\/fr\/wp-json\/wp\/v2\/media?parent=357088"}],"wp:term":[{"taxonomy":"category","embeddable":true,"href":"https:\/\/www.europesays.com\/fr\/wp-json\/wp\/v2\/categories?post=357088"},{"taxonomy":"post_tag","embeddable":true,"href":"https:\/\/www.europesays.com\/fr\/wp-json\/wp\/v2\/tags?post=357088"}],"curies":[{"name":"wp","href":"https:\/\/api.w.org\/{rel}","templated":true}]}}