{"id":357090,"date":"2025-08-31T21:40:16","date_gmt":"2025-08-31T21:40:16","guid":{"rendered":"https:\/\/www.europesays.com\/fr\/357090\/"},"modified":"2025-08-31T21:40:16","modified_gmt":"2025-08-31T21:40:16","slug":"lyon-tient-le-rythme-du-psg-et-enfonce-marseille-dans-la-crise","status":"publish","type":"post","link":"https:\/\/www.europesays.com\/fr\/357090\/","title":{"rendered":"Lyon tient le rythme du PSG et enfonce Marseille dans la crise"},"content":{"rendered":"<p><strong>Lyon\u00a0&#8211; Marseille\u00a0: 1-0<\/strong><\/p>\n<p>La saison derni\u00e8re au Groupama Stadium, les Marseillais avaient r\u00e9ussi \u00e0 gagner ce duel olympique en jouant 85 minutes \u00e0 10 contre 11. Dimanche 31\u00a0ao\u00fbt 2025, ils n\u2019ont \u00e9t\u00e9 en inf\u00e9riorit\u00e9 num\u00e9rique qu\u2019une heure, apr\u00e8s l\u2019exclusion indiscutable de CJ Egan-Riley, mais n\u2019ont jamais \u00e9t\u00e9 en situation de l\u2019emporter. Ils jouaient d\u2019ailleurs depuis longtemps pour un point seulement quand Leonardo Balerdi, sous la pression de Pavel Sulc, a marqu\u00e9 contre son camp le seul but du match (1-0, 88e).<\/p>\n<p>Ce succ\u00e8s m\u00e9rit\u00e9 confirme que malgr\u00e9 son effectif rabougri, l\u2019OL a trouv\u00e9 une belle dynamique\u00a0: voil\u00e0 les hommes de Paulo Fonseca co-leaders du championnat avec neuf points, comme le Paris SG. L\u2019OM, lui, ne se sort pas de la crise cr\u00e9\u00e9e ex nihilo le soir de la bagarre entre Adrien Rabiot et Jonathan Rowe.<\/p>\n<p>Battus deux fois sur trois, les Marseillais vont d\u00e9sormais s\u2019en remettre \u00e0 la derni\u00e8re journ\u00e9e de mercato, lundi, pour esp\u00e9rer pr\u00e9senter un meilleur visage apr\u00e8s la tr\u00eave internationale. Il le faudra car apr\u00e8s la r\u00e9ception de Lorient, c\u2019est un terrible encha\u00eenement Real Madrid, PSG qui les attend.<\/p>\n<p>Mikautadze acclam\u00e9<\/p>\n<p>Priv\u00e9 de George Mikautadze, parti samedi \u00e0 Villarreal pour imp\u00e9ratifs financiers plus que sportifs, l\u2019OL a \u00e9volu\u00e9 dimanche sans avant-centre, mais ne s\u2019en est pas trouv\u00e9 si mal. Le G\u00e9orgien, pr\u00e9sent en tribunes, a \u00e9t\u00e9 acclam\u00e9 par le public lyonnais, qui sait ce qu\u2019il lui doit. \u00c0 sa place, Adam Karabec, le jeune et \u00e9patant Khalis Merah et quelques autres se sont relay\u00e9s en pointe.<\/p>\n<p>Ils ne s\u2019y sont jamais vraiment install\u00e9s mais un soir o\u00f9 tous les maillots lyonnais \u00e9taient floqu\u00e9s du nom de Bernard Lacombe, cela a suffi \u00e0 donner le tournis \u00e0 la toujours tr\u00e8s inqui\u00e9tante d\u00e9fense marseillaise.<\/p>\n<p>Deux d\u00e9fenseurs sont encore attendus lundi \u00e0 Marseille et il faudra au moins \u00e7a pour renforcer un secteur o\u00f9 l\u2019OM t\u00e2tonne toujours, comme le prouve la titularisation dimanche de Timothy Weah au poste d\u2019arri\u00e8re gauche. L\u2019Am\u00e9ricain a jou\u00e9 \u00e0 peu pr\u00e8s partout dans sa carri\u00e8re, mais rarement l\u00e0 et cela s\u2019est vu, m\u00eame si le danger est surtout venu de l\u2019autre c\u00f4t\u00e9, port\u00e9 par l\u2019inarr\u00eatable Malick Fofana. Dimanche, le Belge allait trop vite pour tous les Marseillais, les lents comme les rapides.<\/p>\n<p>Lyon a des id\u00e9es<\/p>\n<p>\u00c0 la 29e\u00a0minute, c\u2019est ainsi Fofana qui a provoqu\u00e9 l\u2019expulsion d\u2019Egan-Riley, auteur d\u2019un tacle na\u00eff et d\u00e9sesp\u00e9r\u00e9 pour tenter d\u2019arr\u00eater l\u2019ailier lyonnais. \u00c0 cet instant, l\u2019OM \u00e9tait d\u00e9j\u00e0 en d\u00e9tresse, avec un but refus\u00e9 \u00e0 Abner pour un l\u00e9ger hors-jeu de Fofana. Juste avant la pause, un autre but a \u00e9t\u00e9 refus\u00e9 \u00e0 Ainsley Maitland-Niles et Lyon avait d\u00e9j\u00e0 eu une grosse occasion par Abner (14e), ensuite averti pour simulation apr\u00e8s avoir cru obtenir un penalty (22e). Fofana a encore oblig\u00e9 Geronimo Rulli \u00e0 une belle claquette (45e+\u00a02) et \u00e0 la pause, il ne manquait donc \u00e0 l\u2019OL qu\u2019un but.<\/p>\n<p>C\u00f4t\u00e9 OM, o\u00f9 <a target=\"_self\" href=\"https:\/\/www.lanouvellerepublique.fr\/sports\/ligue-1-pablo-longoria-justifie-la-mise-a-l-ecart-d-adrien-rabiot-par-un-evenement-d-une-violence-extreme-1755700361\" rel=\"nofollow noopener\">l\u2019absence de Rabiot<\/a> (annonc\u00e9 au Milan AC ce lundi) se voit comme le nez au milieu du visage, il n\u2019y a en revanche rien eu, du tout, ni \u00e0 11, ni \u00e0 10, malgr\u00e9 la titularisation express du dernier arriv\u00e9 Hamed Junior Traor\u00e9.<\/p>\n<p>La sortie sur blessure de Fofana autour de l\u2019heure de jeu a tout de m\u00eame \u00e9t\u00e9 un soulagement pour Marseille, qui a eu deux micro-opportunit\u00e9s de marquer, par Pierre-Emile Hojbjerg (63e) puis Traor\u00e9 (68e). Et Lyon a continu\u00e9 \u00e0 pousser avec m\u00e9thode et patience et en a \u00e9t\u00e9 r\u00e9compens\u00e9 par le but de la victoire. L\u2019OL n\u2019a plus beaucoup d\u2019argent mais a quelques id\u00e9es. L\u2019OM, lui, a surtout des probl\u00e8mes.<\/p>\n<p><strong>Mi-temps :<\/strong> 0-0.<br \/><strong>But :<\/strong> Balerdi (88e csc).<br \/><strong>Avertissements :<\/strong> \u00e0 Lyon, Vinicius (22e), Sulc (80e) ; Gomes (41e), Murillo (90e).<br \/><strong>Expulsion :<\/strong> Egan-Riley (29e).<\/p>\n","protected":false},"excerpt":{"rendered":"Lyon\u00a0&#8211; Marseille\u00a0: 1-0 La saison derni\u00e8re au Groupama Stadium, les Marseillais avaient r\u00e9ussi \u00e0 gagner ce duel olympique&hellip;\n","protected":false},"author":2,"featured_media":357091,"comment_status":"","ping_status":"","sticky":false,"template":"","format":"standard","meta":{"footnotes":""},"categories":[2814],"tags":[1111,11,1777,674,63,1011,27,66,884,12,882,25,60],"class_list":{"0":"post-357090","1":"post","2":"type-post","3":"status-publish","4":"format-standard","5":"has-post-thumbnail","7":"category-marseille","8":"tag-actu","9":"tag-actualites","10":"tag-eu","11":"tag-europe","12":"tag-football","13":"tag-fr","14":"tag-france","15":"tag-ligue-1","16":"tag-marseille","17":"tag-news","18":"tag-provence-alpes-cote-dazur","19":"tag-republique-francaise","20":"tag-sports"},"share_on_mastodon":{"url":"https:\/\/pubeurope.com\/@fr\/115125552692017478","error":""},"_links":{"self":[{"href":"https:\/\/www.europesays.com\/fr\/wp-json\/wp\/v2\/posts\/357090","targetHints":{"allow":["GET"]}}],"collection":[{"href":"https:\/\/www.europesays.com\/fr\/wp-json\/wp\/v2\/posts"}],"about":[{"href":"https:\/\/www.europesays.com\/fr\/wp-json\/wp\/v2\/types\/post"}],"author":[{"embeddable":true,"href":"https:\/\/www.europesays.com\/fr\/wp-json\/wp\/v2\/users\/2"}],"replies":[{"embeddable":true,"href":"https:\/\/www.europesays.com\/fr\/wp-json\/wp\/v2\/comments?post=357090"}],"version-history":[{"count":0,"href":"https:\/\/www.europesays.com\/fr\/wp-json\/wp\/v2\/posts\/357090\/revisions"}],"wp:featuredmedia":[{"embeddable":true,"href":"https:\/\/www.europesays.com\/fr\/wp-json\/wp\/v2\/media\/357091"}],"wp:attachment":[{"href":"https:\/\/www.europesays.com\/fr\/wp-json\/wp\/v2\/media?parent=357090"}],"wp:term":[{"taxonomy":"category","embeddable":true,"href":"https:\/\/www.europesays.com\/fr\/wp-json\/wp\/v2\/categories?post=357090"},{"taxonomy":"post_tag","embeddable":true,"href":"https:\/\/www.europesays.com\/fr\/wp-json\/wp\/v2\/tags?post=357090"}],"curies":[{"name":"wp","href":"https:\/\/api.w.org\/{rel}","templated":true}]}}