{"id":357092,"date":"2025-08-31T21:41:10","date_gmt":"2025-08-31T21:41:10","guid":{"rendered":"https:\/\/www.europesays.com\/fr\/357092\/"},"modified":"2025-08-31T21:41:10","modified_gmt":"2025-08-31T21:41:10","slug":"rhone-ces-createurs-de-soie-du-vieux-lyon-attirent-lattention-de-la-television-chinoise","status":"publish","type":"post","link":"https:\/\/www.europesays.com\/fr\/357092\/","title":{"rendered":"Rh\u00f4ne. Ces cr\u00e9ateurs de soie du Vieux-Lyon attirent l\u2019attention de la t\u00e9l\u00e9vision chinoise"},"content":{"rendered":"<p>\u00ab\u00a0On est des boulimiques de cr\u00e9ation\u00a0\u00bb, sourit Sarah Amsellem, cr\u00e9atrice de soie lyonnaise. Depuis d\u00e9cembre\u00a02024, sa marque a pignon sur rue dans le Vieux Lyon. Les lettres dor\u00e9es dessinant le nom Maison Sams s\u2019\u00e9talent sur le fronton noir de sa boutique, rue Saint-Jean, qui tranche avec l\u2019explosion de couleur dans la vitrine.<\/p>\n<p>Avec sa frange blonde et son sourire franc, la dipl\u00f4m\u00e9e des Beaux-Arts de Lyon respire le soleil, de son caract\u00e8re \u00e0 ses cr\u00e9ations\u00a0: fleurs, animaux, inspirations de l\u2019art nouveau et autres motifs s\u2019y entrem\u00ealent dans une \u00e9tonnante harmonie de couleurs vives. Elle les dessine tous&#8230;<\/p>\n","protected":false},"excerpt":{"rendered":"\u00ab\u00a0On est des boulimiques de cr\u00e9ation\u00a0\u00bb, sourit Sarah Amsellem, cr\u00e9atrice de soie lyonnaise. Depuis d\u00e9cembre\u00a02024, sa marque a&hellip;\n","protected":false},"author":2,"featured_media":357093,"comment_status":"","ping_status":"","sticky":false,"template":"","format":"standard","meta":{"footnotes":""},"categories":[1889],"tags":[1111,11,2430,4406,33,2757,1777,674,107,1011,27,2428,2756,12,25,2429,4604],"class_list":{"0":"post-357092","1":"post","2":"type-post","3":"status-publish","4":"format-standard","5":"has-post-thumbnail","7":"category-lyon","8":"tag-actu","9":"tag-actualites","10":"tag-auvergne-rhone-alpes","11":"tag-commerce-et-services","12":"tag-economie","13":"tag-edition-lyon-villeurbanne","14":"tag-eu","15":"tag-europe","16":"tag-fil-info","17":"tag-fr","18":"tag-france","19":"tag-lyon","20":"tag-lyon-bassin","21":"tag-news","22":"tag-republique-francaise","23":"tag-rhone","24":"tag-selection-abonne"},"share_on_mastodon":{"url":"https:\/\/pubeurope.com\/@fr\/115125556496176777","error":""},"_links":{"self":[{"href":"https:\/\/www.europesays.com\/fr\/wp-json\/wp\/v2\/posts\/357092","targetHints":{"allow":["GET"]}}],"collection":[{"href":"https:\/\/www.europesays.com\/fr\/wp-json\/wp\/v2\/posts"}],"about":[{"href":"https:\/\/www.europesays.com\/fr\/wp-json\/wp\/v2\/types\/post"}],"author":[{"embeddable":true,"href":"https:\/\/www.europesays.com\/fr\/wp-json\/wp\/v2\/users\/2"}],"replies":[{"embeddable":true,"href":"https:\/\/www.europesays.com\/fr\/wp-json\/wp\/v2\/comments?post=357092"}],"version-history":[{"count":0,"href":"https:\/\/www.europesays.com\/fr\/wp-json\/wp\/v2\/posts\/357092\/revisions"}],"wp:featuredmedia":[{"embeddable":true,"href":"https:\/\/www.europesays.com\/fr\/wp-json\/wp\/v2\/media\/357093"}],"wp:attachment":[{"href":"https:\/\/www.europesays.com\/fr\/wp-json\/wp\/v2\/media?parent=357092"}],"wp:term":[{"taxonomy":"category","embeddable":true,"href":"https:\/\/www.europesays.com\/fr\/wp-json\/wp\/v2\/categories?post=357092"},{"taxonomy":"post_tag","embeddable":true,"href":"https:\/\/www.europesays.com\/fr\/wp-json\/wp\/v2\/tags?post=357092"}],"curies":[{"name":"wp","href":"https:\/\/api.w.org\/{rel}","templated":true}]}}