{"id":357098,"date":"2025-08-31T21:51:11","date_gmt":"2025-08-31T21:51:11","guid":{"rendered":"https:\/\/www.europesays.com\/fr\/357098\/"},"modified":"2025-08-31T21:51:11","modified_gmt":"2025-08-31T21:51:11","slug":"continuons-le-combat-francois-bayrou-ne-veut-pas-dire-au-revoir","status":"publish","type":"post","link":"https:\/\/www.europesays.com\/fr\/357098\/","title":{"rendered":"\u00ab Continuons le combat \u00bb : Fran\u00e7ois Bayrou ne veut pas dire \u00ab\u00a0au revoir\u00a0\u00bb"},"content":{"rendered":"<p class=\"paragraph text_align_left lp-f-body-02\">Les journalistes des quatre cha\u00eenes info, LCI, France Info, BFMTV et CNews, <a href=\"https:\/\/www.leparisien.fr\/politique\/jours-feries-vote-de-confiance-boomers-ce-quil-faut-retenir-de-linterview-de-francois-bayrou-31-08-2025-5MUQUAJWT5FNBEDL6DUI2XSV6Y.php\" target=\"_self\" rel=\"nofollow noopener\">qui diffusent en simultan\u00e9 l\u2019interview<\/a> \u2014 une premi\u00e8re \u2014, se sont install\u00e9s dans le bureau de <a href=\"https:\/\/www.leparisien.fr\/politique\/francois-bayrou\/\" target=\"_self\" rel=\"nofollow noopener\">Fran\u00e7ois Bayrou<\/a> \u2013 ou plut\u00f4t, corrige l\u2019int\u00e9ress\u00e9, dans \u00ab le bureau du Premier ministre \u00bb, au premier \u00e9tage de Matignon, pour l\u2019interroger. <\/p>\n<p class=\"paragraph text_align_left lp-f-body-02\">\u00c0 huit jours du <a href=\"https:\/\/www.leparisien.fr\/politique\/le-gouvernement-bayrou-peut-il-survivre-au-vote-de-confiance-faites-vos-hypotheses-avec-notre-simulateur-26-08-2025-IFEMLHVGIBAG5PA2NIHBO4C7NI.php\" target=\"_self\" rel=\"nofollow noopener\">vote de confiance \u00e0 l\u2019Assembl\u00e9e nationale<\/a>, avec une tr\u00e8s forte probabilit\u00e9 de voir chuter son gouvernement, Bayrou n\u2019a rien l\u00e2ch\u00e9, se disant persuad\u00e9 de pouvoir passer par un \u00ab trou de fourmi \u00bb, en r\u00e9ponse \u00e0 la formule de Sonia Mabrouk (CNews). Comment ? Par les (toutes petites) ouvertures sur lesquelles il est pr\u00eat \u00e0 discuter avec les chefs de parti ou de groupes parlementaires volontaires pour le rencontrer (dont le RN mardi et le PS jeudi).<\/p>\n","protected":false},"excerpt":{"rendered":"Les journalistes des quatre cha\u00eenes info, LCI, France Info, BFMTV et CNews, qui diffusent en simultan\u00e9 l\u2019interview \u2014&hellip;\n","protected":false},"author":2,"featured_media":357099,"comment_status":"","ping_status":"","sticky":false,"template":"","format":"standard","meta":{"footnotes":""},"categories":[1888],"tags":[1111,1928,11,1927,872,1777,674,1011,27,12,1926,626,1925,316,25],"class_list":{"0":"post-357098","1":"post","2":"type-post","3":"status-publish","4":"format-standard","5":"has-post-thumbnail","7":"category-paris","8":"tag-actu","9":"tag-actu-paris","10":"tag-actualites","11":"tag-actualites-paris","12":"tag-culture-et-loisirs","13":"tag-eu","14":"tag-europe","15":"tag-fr","16":"tag-france","17":"tag-news","18":"tag-news-paris","19":"tag-paris","20":"tag-paris-news","21":"tag-politique","22":"tag-republique-francaise"},"share_on_mastodon":{"url":"https:\/\/pubeurope.com\/@fr\/115125596205624137","error":""},"_links":{"self":[{"href":"https:\/\/www.europesays.com\/fr\/wp-json\/wp\/v2\/posts\/357098","targetHints":{"allow":["GET"]}}],"collection":[{"href":"https:\/\/www.europesays.com\/fr\/wp-json\/wp\/v2\/posts"}],"about":[{"href":"https:\/\/www.europesays.com\/fr\/wp-json\/wp\/v2\/types\/post"}],"author":[{"embeddable":true,"href":"https:\/\/www.europesays.com\/fr\/wp-json\/wp\/v2\/users\/2"}],"replies":[{"embeddable":true,"href":"https:\/\/www.europesays.com\/fr\/wp-json\/wp\/v2\/comments?post=357098"}],"version-history":[{"count":0,"href":"https:\/\/www.europesays.com\/fr\/wp-json\/wp\/v2\/posts\/357098\/revisions"}],"wp:featuredmedia":[{"embeddable":true,"href":"https:\/\/www.europesays.com\/fr\/wp-json\/wp\/v2\/media\/357099"}],"wp:attachment":[{"href":"https:\/\/www.europesays.com\/fr\/wp-json\/wp\/v2\/media?parent=357098"}],"wp:term":[{"taxonomy":"category","embeddable":true,"href":"https:\/\/www.europesays.com\/fr\/wp-json\/wp\/v2\/categories?post=357098"},{"taxonomy":"post_tag","embeddable":true,"href":"https:\/\/www.europesays.com\/fr\/wp-json\/wp\/v2\/tags?post=357098"}],"curies":[{"name":"wp","href":"https:\/\/api.w.org\/{rel}","templated":true}]}}