{"id":35710,"date":"2025-04-19T05:22:18","date_gmt":"2025-04-19T05:22:18","guid":{"rendered":"https:\/\/www.europesays.com\/fr\/35710\/"},"modified":"2025-04-19T05:22:18","modified_gmt":"2025-04-19T05:22:18","slug":"cette-association-de-loire-atlantique-veut-en-faire-davantage-pour-proteger-la-nature","status":"publish","type":"post","link":"https:\/\/www.europesays.com\/fr\/35710\/","title":{"rendered":"Cette association de Loire-Atlantique veut en faire davantage pour prot\u00e9ger la nature"},"content":{"rendered":"<p>            Par<br \/>\n        <strong><br \/>\n            <a href=\"https:\/\/actu.fr\/auteur\/journaliste-sm\" title=\"Consulter tous les articles de R\u00e9daction Clisson\" rel=\"nofollow noopener\" target=\"_blank\">R\u00e9daction Clisson<\/a><br \/>\n        <\/strong><\/p>\n<p>        Publi\u00e9 le<\/p>\n<p>            18 avr. 2025 \u00e0 18h47        <\/p>\n<p class=\" wall-content\"><b>\u2022 LE RAYON GOULAINAIS<\/b><\/p>\n<p class=\" wall-content\">Le Rayon Goulainais fait partie des nouvelles activit\u00e9s propos\u00e9es par l\u2019association Goulaine nature environnement. Cet <b>atelier de m\u00e9canique v\u00e9lo<\/b> est encadr\u00e9 par six b\u00e9n\u00e9voles. Il a lieu le premier samedi (9 h-12 h) et le troisi\u00e8me mercredi (15 h 30-18 : 30) de chaque mois sous la <a href=\"https:\/\/www.google.com\/maps\/place\/Halle+du+Grignon\/data=!4m2!3m1!1s0x0:0xb7c25a711ee647e1?sa=X&amp;ved=1t:2428&amp;ictx=111\" rel=\"nofollow noopener\" target=\"_blank\">halle du Grignon<\/a>, \u00e0 <a href=\"https:\/\/actu.fr\/pays-de-la-loire\/basse-goulaine_44009\" rel=\"nofollow noopener\" target=\"_blank\"><b>Basse-Goulaine<\/b><\/a>, apr\u00e8s r\u00e9servations sur <a href=\"https:\/\/www.helloasso.com\/associations\/goulaine-nature-environnement\" rel=\"nofollow noopener\" target=\"_blank\">Hello asso<\/a>.<\/p>\n<blockquote class=\"ac-article-quote wall-content\">\n<p>Nous avons re\u00e7u une formation d\u2019une quinzaine d\u2019heures par Nantes M\u00e9tropole qui souhaite promouvoir ce genre d\u2019atelier sur son territoire. Notre r\u00f4le est d\u2019accueillir des cyclistes pour les conseiller sur la r\u00e9paration. Nous ne faisons pas la r\u00e9paration \u00e0 leur place : si la personne ne veut ou ne peut pas r\u00e9parer elle-m\u00eame, elle s\u2019adresse \u00e0 un professionnel.<\/p>\n<p>Eric Mauray, le responsable.<\/p><\/blockquote>\n<p class=\" wall-content\">L\u2019atelier <b>permet d\u2019acc\u00e9der \u00e0 des pi\u00e8ces d\u00e9tach\u00e9es payer au prix co\u00fbtant<\/b> <b>si elles sont neuves<\/b> ou gratuites si elles sont d\u2019occasion, en les pr\u00e9levant sur le stock de vieux v\u00e9los. Ces<b> interventions sont accompagn\u00e9es par des informations sur la s\u00e9curit\u00e9 routi\u00e8re.<\/b><\/p>\n<p>DES ACTIONS TR\u00c8S DIVERSIFI\u00c9ES<\/p>\n<p>L&rsquo;association Goulaine nature environnement propose de rencontrer les citoyens de la commune et ceux des environs pour les sensibiliser aux enjeux environnementaux, comme celui de pr\u00e9server la biodiversit\u00e9 et de promouvoir des actions en faveur de la transition \u00e9cologique.<br \/>&#13;<br \/>\nAinsi pour r\u00e9pondre \u00e0 tous ses objectifs, l&rsquo;association s&rsquo;est organis\u00e9e en six p\u00f4les\u2009: protection de la faune et de la flore, transition et \u00e9nergie, ville durable, consommation responsable, alimentation saine et durable et vie de l&rsquo;association.<br \/>&#13;<br \/>\nA c\u00f4t\u00e9 de cela, les membres entretiennent \u00e9galement un jardin partag\u00e9, situ\u00e9 dans le parc de la Grillonnais derri\u00e8re la mairie. \u00ab\u00a0\u2009Il est ouvert les mercredis matin et samedis matin afin que les gens int\u00e9ress\u00e9s puissent apprendre les bonnes pratiques en termes de jardinage avec des formations concernant la permaculture et les pr\u00e9cautions \u00e0 prendre pour \u00e9conomiser l&rsquo;eau\u2009\u00a0\u00bb, explique Jacques Salmon, le pr\u00e9sident. En parall\u00e8le, il existe d\u00e9j\u00e0 deux autres rendez-vous\u2009: le troc plantes deux fois par an, et le clean up day. R\u00e9cemment, de nouvelles activit\u00e9s sont propos\u00e9es aux citoyens\u2009: il s&rsquo;agit du Rayon goulainais, du Th\u00e9 et couture et de l&rsquo;atelier de cuisine v\u00e9g\u00e9tale et durable.<\/p>\n<p class=\" wall-content\"><b>\u2022 TH\u00c9-COUTURE\u00a0<\/b><\/p>\n<p class=\" wall-content\">Concernant l\u2019atelier \u00ab Th\u00e9-couture \u00bb, c\u2019est un<b> espace de rencontre sur le sujet de la couture <\/b>o\u00f9 tous les niveaux sont accept\u00e9s.<\/p>\n<blockquote class=\"ac-article-quote wall-content\">\n<p>Les personnes \u00e0 l\u2019aise peuvent aider les autres sur leurs probl\u00e8mes. On discute de nos id\u00e9es, de nos projets.<\/p>\n<p>Blandine, l\u2019une des encadrantes.<\/p><\/blockquote>\n<p>      <img   decoding=\"async\" loading=\"lazy\" class=\"size-large\" src=\"https:\/\/www.europesays.com\/fr\/wp-content\/uploads\/2025\/04\/399a862e7ec762d9a862e7ec7e0aa8v-960x640.jpg\" alt=\"Th\u00e9 et couture \u00e0 l'\u0153uvre\" width=\"960\" height=\"640\"\/><br \/>\n    Th\u00e9 et couture \u00e0 l\u2019\u0153uvre \u00a9Hebdo de S\u00e8vre et Maine<\/p>\n<p class=\" wall-content\">C\u2019est aussi<b> l\u2019occasion d\u2019\u00e9changer les astuces et de coudre dans une logique durable <\/b>(en utilisant au mieux les chutes de tissus, en choisissant des tissus en comprenant mieux les impacts environnementaux\u2026).<\/p>\n<blockquote class=\"ac-article-quote wall-content\">\n<p>En r\u00e9parant, en cr\u00e9ant\u2026 cela permet d\u2019\u00e9viter d\u2019utiliser des objets \u00e0 usage unique. Nous avons, par exemple, cr\u00e9\u00e9 les tabliers qu\u2019utilisent les b\u00e9n\u00e9voles du Rayon goulainais.<\/p>\n<p>Blandine\u00a0<\/p><\/blockquote>\n<p class=\" wall-content\">Elle ne manque pas, avec les participants, d\u2019ajouter \u00e0 la s\u00e9ance un moment autour d\u2019un th\u00e9. L\u2019objectif de l\u2019\u00e9quipe est aussi de constituer des fiches pour approfondir les connaissances sur le sujet. <b>Le pr\u00eat de machines \u00e0 coudre est possible.<\/b> Une dizaine de personnes participent actuellement \u00e0 cet atelier qui se d\u00e9roule le jeudi soir entre 19 h 15 et 21 h 15 et un samedi matin de 9 h 30 \u00e0 12 h par trimestre sur une th\u00e9matique particuli\u00e8re. Les s\u00e9ances se d\u00e9roulent dans la salle de r\u00e9union qui se trouve en face du coll\u00e8ge (inscriptions sur HelloAsso).<\/p>\n<p class=\" wall-content\"><b>\u2022 CUISINE V\u00c9G\u00c9TARIENNE<\/b><\/p>\n<p class=\" wall-content\">Par ailleurs, un <b>atelier cuisine v\u00e9g\u00e9tarienne<\/b> a \u00e9galement vu le jour.<\/p>\n<blockquote class=\"ac-article-quote wall-content\">\n<p>Nous \u00e9tions plusieurs \u00e0 vouloir \u00e9changer sur nos pratiques culinaires, et de donner envie de pratiquer de la cuisine v\u00e9g\u00e9tarienne. Cet atelier permet \u00e9galement de diminuer notre impact carbone en proposant des menus \u00e9quilibr\u00e9s, En effet, un quart des \u00e9missions de gaz \u00e0 effet de serre provient de nos assiettes : les produits d\u2019origine animale repr\u00e9sentent 61 % de l\u2019empreinte carbone de notre alimentation selon l\u2019Ademe, notamment la viande rouge. Nous ne voulons pas pousser les gens vers le manger v\u00e9g\u00e9tarien, mais plut\u00f4t de diversifier leur alimentation.<\/p>\n<p>Coralie, l\u2019une des cr\u00e9atrices de l\u2019activit\u00e9.<\/p><\/blockquote>\n<p>      <img   decoding=\"async\" loading=\"lazy\" class=\"size-large\" src=\"https:\/\/www.europesays.com\/fr\/wp-content\/uploads\/2025\/04\/0f83925182086039392518208e6939v-960x640.jpg\" alt=\"-\" width=\"960\" height=\"640\"\/><br \/>\n    Atelier de cuisine v\u00e9g\u00e9tarienne \u00a9Hebdo de S\u00e8vre et Maine<\/p>\n<p class=\" wall-content\">A chaque atelier, les<b> membres se retrouvent \u00e0 une dizaine de personnes<\/b> : il n\u2019y a pas de professionnels et ils se partagent 3 ou 4 plats \u00e0 r\u00e9aliser. <b>La s\u00e9ance se termine par<\/b> <b>un d\u00e9jeuner compos\u00e9 des plats concoct\u00e9s<\/b>. Cet atelier est r\u00e9serv\u00e9 aux adh\u00e9rents de l\u2019association avec une participation de 5 \u20ac. L\u2019atelier a lieu environ cinq fois par an un samedi matin de 8 h 45 \u00e0 12 h, dans les <a href=\"https:\/\/www.google.com\/maps\/place\/Centre+de+Loisirs+de+la+Chesnaie\/data=!4m2!3m1!1s0x0:0xe5f41e4eec58b2fc?sa=X&amp;ved=1t:2428&amp;ictx=111\" rel=\"nofollow noopener\" target=\"_blank\">locaux associatifs de la Chesnaie <\/a>(inscription et calendrier sur le site de l\u2019association).<\/p>\n<p class=\" wall-content\">Suivez toute l\u2019actualit\u00e9 de vos villes et m\u00e9dias favoris en vous inscrivant \u00e0 <a href=\"https:\/\/moncompte.actu.fr\" title=\"D\u00e9couvez Mon Actu\" rel=\"nofollow noopener\" data-trk=\"{&quot;cta&quot;:{&quot;action&quot;:&quot;https:\\\/\\\/moncompte.actu.fr&quot;,&quot;category&quot;:&quot;mon compte&quot;,&quot;from&quot;:&quot;article footer&quot;,&quot;name&quot;:&quot;Mon actu&quot;,&quot;type&quot;:&quot;cta&quot;}}\" target=\"_blank\">Mon Actu<\/a>.<\/p>\n","protected":false},"excerpt":{"rendered":"Par R\u00e9daction Clisson Publi\u00e9 le 18 avr. 2025 \u00e0 18h47 \u2022 LE RAYON GOULAINAIS Le Rayon Goulainais fait&hellip;\n","protected":false},"author":2,"featured_media":35711,"comment_status":"","ping_status":"","sticky":false,"template":"","format":"standard","meta":{"footnotes":""},"categories":[2818],"tags":[1111,11,902,436,1777,674,1011,27,766,12,2636,25,104,2900],"class_list":{"0":"post-35710","1":"post","2":"type-post","3":"status-publish","4":"format-standard","5":"has-post-thumbnail","7":"category-nantes","8":"tag-actu","9":"tag-actualites","10":"tag-cuisine","11":"tag-environnement","12":"tag-eu","13":"tag-europe","14":"tag-fr","15":"tag-france","16":"tag-nantes","17":"tag-news","18":"tag-pays-de-la-loire","19":"tag-republique-francaise","20":"tag-societe","21":"tag-vignoble-nantais"},"share_on_mastodon":{"url":"https:\/\/pubeurope.com\/@fr\/114362957500353993","error":""},"_links":{"self":[{"href":"https:\/\/www.europesays.com\/fr\/wp-json\/wp\/v2\/posts\/35710","targetHints":{"allow":["GET"]}}],"collection":[{"href":"https:\/\/www.europesays.com\/fr\/wp-json\/wp\/v2\/posts"}],"about":[{"href":"https:\/\/www.europesays.com\/fr\/wp-json\/wp\/v2\/types\/post"}],"author":[{"embeddable":true,"href":"https:\/\/www.europesays.com\/fr\/wp-json\/wp\/v2\/users\/2"}],"replies":[{"embeddable":true,"href":"https:\/\/www.europesays.com\/fr\/wp-json\/wp\/v2\/comments?post=35710"}],"version-history":[{"count":0,"href":"https:\/\/www.europesays.com\/fr\/wp-json\/wp\/v2\/posts\/35710\/revisions"}],"wp:featuredmedia":[{"embeddable":true,"href":"https:\/\/www.europesays.com\/fr\/wp-json\/wp\/v2\/media\/35711"}],"wp:attachment":[{"href":"https:\/\/www.europesays.com\/fr\/wp-json\/wp\/v2\/media?parent=35710"}],"wp:term":[{"taxonomy":"category","embeddable":true,"href":"https:\/\/www.europesays.com\/fr\/wp-json\/wp\/v2\/categories?post=35710"},{"taxonomy":"post_tag","embeddable":true,"href":"https:\/\/www.europesays.com\/fr\/wp-json\/wp\/v2\/tags?post=35710"}],"curies":[{"name":"wp","href":"https:\/\/api.w.org\/{rel}","templated":true}]}}