{"id":357106,"date":"2025-08-31T22:00:10","date_gmt":"2025-08-31T22:00:10","guid":{"rendered":"https:\/\/www.europesays.com\/fr\/357106\/"},"modified":"2025-08-31T22:00:10","modified_gmt":"2025-08-31T22:00:10","slug":"une-alliance-spatiale-qui-inquiete-la-nouvelle-tribune","status":"publish","type":"post","link":"https:\/\/www.europesays.com\/fr\/357106\/","title":{"rendered":"une alliance spatiale qui inqui\u00e8te \u2013 La Nouvelle Tribune"},"content":{"rendered":"<p>La <strong>Cor\u00e9e du Nord <\/strong>multiplie les initiatives dans le domaine spatial et b\u00e9n\u00e9ficie d\u00e9sormais d\u2019un soutien technique russe. Une coop\u00e9ration qui pourrait changer l\u2019\u00e9quilibre strat\u00e9gique en Asie du Nord-Est et relancer les tensions internationales autour des programmes militaires de <strong>Pyongyang<\/strong>. Alors que des infrastructures modernes sortent de terre, la communaut\u00e9 internationale s\u2019interroge sur les v\u00e9ritables ambitions de ce partenariat et ses cons\u00e9quences \u00e0 moyen terme.<\/p>\n<p>Pyongyang, Moscou et la conqu\u00eate orbitale<\/p>\n<p>La <strong>Cor\u00e9e du Nord<\/strong> a longtemps pein\u00e9 \u00e0 <strong>d\u00e9velopper un programme spatial cr\u00e9dible. Ses premiers satellites lanc\u00e9s dans les ann\u00e9es 1990 et 2000 ont suscit\u00e9 plus de doutes que de preuves tangibles de succ\u00e8s.<\/strong> Depuis 2012, avec la mise en orbite du satellite <strong>Kwangmy\u014fngs\u014fng-3 Unit 2<\/strong>, le pays a franchi une \u00e9tape symbolique. L\u2019ann\u00e9e 2023 a marqu\u00e9 un tournant avec<strong> l\u2019annonce de satellites de reconnaissance militaire, baptis\u00e9s Malligyong-1<\/strong>, destin\u00e9s \u00e0 observer les mouvements adverses.<\/p>\n<p>Le rapprochement avec la <strong>Russie<\/strong> intervient dans ce contexte. Des experts estiment que <strong>Moscou a transmis des savoir-faire techniques \u00e0 Pyongyang, notamment pour am\u00e9liorer la fiabilit\u00e9 des lanceurs<\/strong>. Ce soutien pourrait r\u00e9duire un retard technologique \u00e9valu\u00e9 \u00e0 pr\u00e8s de dix ans et acc\u00e9l\u00e9rer la capacit\u00e9 nord-cor\u00e9enne \u00e0 d\u00e9ployer des satellites fonctionnels. Pour <strong>Moscou<\/strong>, fragilis\u00e9 par les sanctions occidentales depuis la guerre en Ukraine,<strong> l\u2019\u00e9change de technologies contre un appui politique ou militaire de Pyongyang appara\u00eet comme une strat\u00e9gie de contournement.<\/strong><\/p>\n<p>Les images satellites r\u00e9centes montrent <strong>une modernisation significative du site de lancement de Sohae, situ\u00e9 sur la c\u00f4te nord-ouest du pays.<\/strong> Un nouveau quai maritime a \u00e9t\u00e9 achev\u00e9 pour faciliter le transport de mat\u00e9riels de grande taille. Cette expansion illustre une volont\u00e9 de s\u2019ancrer durablement dans le domaine spatial, avec des moyens logistiques adapt\u00e9s \u00e0 des projets de plus grande envergure.<\/p>\n<p>Une nouvelle donne strat\u00e9gique en Asie<\/p>\n<p>Les ambitions affich\u00e9es par <strong>Pyongyang<\/strong> incluent des retomb\u00e9es scientifiques, mais leur dimension militaire reste centrale. Les satellites espions nord-cor\u00e9ens, m\u00eame encore limit\u00e9s en performances, <strong>pourraient \u00e0 terme fournir des informations cruciales pour accro\u00eetre la pr\u00e9cision des missiles balistiques intercontinentaux<\/strong>. Cela inqui\u00e8te particuli\u00e8rement les <strong>\u00c9tats-Unis, le Japon et la Cor\u00e9e du Sud, <\/strong>qui suivent de pr\u00e8s l\u2019\u00e9volution de ces programmes.<\/p>\n<p>Ce partenariat russo-nord-cor\u00e9en s\u2019inscrit dans un contexte g\u00e9opolitique tendu. La <strong>Russie<\/strong>, isol\u00e9e sur la sc\u00e8ne internationale, trouve dans la<strong> Cor\u00e9e du Nord<\/strong> un alli\u00e9 strat\u00e9gique en Asie. En retour, <strong>Pyongyang profite d\u2019un transfert de technologie qui renforce ses capacit\u00e9s de dissuasion<\/strong>. Cette dynamique pourrait bouleverser l\u2019\u00e9quilibre r\u00e9gional, d\u00e9j\u00e0 marqu\u00e9 par une course aux armements o\u00f9 la <strong>Chine, l\u2019Inde et le Japon <\/strong>investissent massivement dans l\u2019espace.<\/p>\n<p>Pour Washington et ses alli\u00e9s, la coop\u00e9ration spatiale entre Moscou et Pyongyang pourrait repr\u00e9senter une double menace : <strong>non seulement la modernisation du programme spatial nord-cor\u00e9en, mais aussi l\u2019\u00e9mergence d\u2019un axe technologique entre deux puissances sous sanctions internationales<\/strong>. Les prochains mois seront d\u00e9terminants pour observer si Pyongyang parvient \u00e0 multiplier les lancements r\u00e9ussis et transformer ses ambitions en v\u00e9ritables capacit\u00e9s op\u00e9rationnelles.<\/p>\n<p>Alors que la <strong>Cor\u00e9e du Nord <\/strong>poursuit sa trajectoire spatiale avec l\u2019appui russe, les observateurs s\u2019accordent \u00e0 dire que ce partenariat m\u00e9rite une attention soutenue. Il ne s\u2019agit plus seulement de prestige ou de propagande, mais d\u2019une \u00e9volution strat\u00e9gique capable de modifier le rapport de forces en Asie du Nord-Est.<\/p>\n","protected":false},"excerpt":{"rendered":"La Cor\u00e9e du Nord multiplie les initiatives dans le domaine spatial et b\u00e9n\u00e9ficie d\u00e9sormais d\u2019un soutien technique russe.&hellip;\n","protected":false},"author":2,"featured_media":357107,"comment_status":"","ping_status":"","sticky":false,"template":"","format":"standard","meta":{"footnotes":""},"categories":[1591],"tags":[11,1887,12,1885,1886,132],"class_list":{"0":"post-357106","1":"post","2":"type-post","3":"status-publish","4":"format-standard","5":"has-post-thumbnail","7":"category-russie","8":"tag-actualites","9":"tag-federation-de-russie","10":"tag-news","11":"tag-russia","12":"tag-russian-federation","13":"tag-russie"},"share_on_mastodon":{"url":"https:\/\/pubeurope.com\/@fr\/115125631566190697","error":""},"_links":{"self":[{"href":"https:\/\/www.europesays.com\/fr\/wp-json\/wp\/v2\/posts\/357106","targetHints":{"allow":["GET"]}}],"collection":[{"href":"https:\/\/www.europesays.com\/fr\/wp-json\/wp\/v2\/posts"}],"about":[{"href":"https:\/\/www.europesays.com\/fr\/wp-json\/wp\/v2\/types\/post"}],"author":[{"embeddable":true,"href":"https:\/\/www.europesays.com\/fr\/wp-json\/wp\/v2\/users\/2"}],"replies":[{"embeddable":true,"href":"https:\/\/www.europesays.com\/fr\/wp-json\/wp\/v2\/comments?post=357106"}],"version-history":[{"count":0,"href":"https:\/\/www.europesays.com\/fr\/wp-json\/wp\/v2\/posts\/357106\/revisions"}],"wp:featuredmedia":[{"embeddable":true,"href":"https:\/\/www.europesays.com\/fr\/wp-json\/wp\/v2\/media\/357107"}],"wp:attachment":[{"href":"https:\/\/www.europesays.com\/fr\/wp-json\/wp\/v2\/media?parent=357106"}],"wp:term":[{"taxonomy":"category","embeddable":true,"href":"https:\/\/www.europesays.com\/fr\/wp-json\/wp\/v2\/categories?post=357106"},{"taxonomy":"post_tag","embeddable":true,"href":"https:\/\/www.europesays.com\/fr\/wp-json\/wp\/v2\/tags?post=357106"}],"curies":[{"name":"wp","href":"https:\/\/api.w.org\/{rel}","templated":true}]}}