{"id":357114,"date":"2025-08-31T22:09:11","date_gmt":"2025-08-31T22:09:11","guid":{"rendered":"https:\/\/www.europesays.com\/fr\/357114\/"},"modified":"2025-08-31T22:09:11","modified_gmt":"2025-08-31T22:09:11","slug":"allemagne-dix-ans-apres-larrivee-des-refugies-lhistoire-de-lintegration-dun-jeune-syrien","status":"publish","type":"post","link":"https:\/\/www.europesays.com\/fr\/357114\/","title":{"rendered":"Allemagne: dix ans apr\u00e8s l&rsquo;arriv\u00e9e des r\u00e9fugi\u00e9s, l&rsquo;histoire de l&rsquo;int\u00e9gration d&rsquo;un jeune syrien"},"content":{"rendered":"<p class=\"t-content__chapo\">\n                                                Il y a dix ans, l&rsquo;Allemagne faisait face \u00e0 l&rsquo;arriv\u00e9e de plus de 890\u00a0000\u00a0r\u00e9fugi\u00e9s. L&rsquo;ann\u00e9e 2015 a marqu\u00e9 un tournant dans l&rsquo;histoire du pays, et le 31 ao\u00fbt, la chanceli\u00e8re pronon\u00e7ait une petite phrase devenue depuis un morceau d&rsquo;histoire, \u00ab Wir schaffen das \u00bb, soit \u00ab\u00a0nous y arriverons\u00a0\u00bb, en r\u00e9f\u00e9rence \u00e0 l&rsquo;int\u00e9gration de ces personnes.\u00a0Dix ans plus tard, portrait d&rsquo;un jeune Syrien qui a parfaitement r\u00e9ussi son int\u00e9gration et qui s&rsquo;inqui\u00e8te du tournant politique pris par sa nouvelle patrie. \u00a0                    <\/p>\n<p><img decoding=\"async\" fetchpriority=\"low\" src=\"https:\/\/www.europesays.com\/fr\/wp-content\/uploads\/2025\/08\/000_9LZ8Y4.jpg\"   width=\"1024\" height=\"576\" alt=\"Anas Modamani est un r\u00e9fugi\u00e9 Syrien qui vit \u00e0 Berlin. Il montre un selfie qu'il a pris avec la chanceli\u00e8re allemande Angela Merkel devant un centre de r\u00e9fugi\u00e9s \u00e0 Berlin, le 10 septembre 2015, alors qu'il avait 18 ans.\" loading=\"eager\" class=\"a-img \"\/><\/p>\n<p>                Anas Modamani est un r\u00e9fugi\u00e9 Syrien qui vit \u00e0 Berlin. Il montre un selfie qu&rsquo;il a pris avec la chanceli\u00e8re allemande Angela Merkel devant un centre de r\u00e9fugi\u00e9s \u00e0 Berlin, le 10 septembre 2015, alors qu&rsquo;il avait 18 ans.                \u00a9 JOHN MACDOUGALL \/ AFP            <\/p>\n<p>De notre correspondante \u00e0 Berlin,<\/p>\n<p>\u00a0<\/p>\n<p class=\"a-read-more\">\u00c0 lire aussi<a target=\"_self\" href=\"https:\/\/www.rfi.fr\/fr\/europe\/20250831-wir-schaffen-das-dix-ans-plus-tard-la-politique-migratoire-d-angela-merkel-divise-l-allemagne\" class=\"a-read-more__link\" rel=\"nofollow noopener\">\u00abWir schaffen das\u00bb: dix ans plus tard, la politique migratoire d\u2019Angela Merkel divise l\u2019Allemagne<\/a><\/p>\n","protected":false},"excerpt":{"rendered":"Il y a dix ans, l&rsquo;Allemagne faisait face \u00e0 l&rsquo;arriv\u00e9e de plus de 890\u00a0000\u00a0r\u00e9fugi\u00e9s. L&rsquo;ann\u00e9e 2015 a marqu\u00e9&hellip;\n","protected":false},"author":2,"featured_media":357115,"comment_status":"","ping_status":"","sticky":false,"template":"","format":"standard","meta":{"footnotes":""},"categories":[1587],"tags":[11,672,6388,1804,1805,1803,1777,674,4710,1801,1061,45878,12,2495,2436,1802,32],"class_list":{"0":"post-357114","1":"post","2":"type-post","3":"status-publish","4":"format-standard","5":"has-post-thumbnail","7":"category-allemagne","8":"tag-actualites","9":"tag-allemagne","10":"tag-angela-merkel","11":"tag-bundesrepublik-deutschland","12":"tag-de","13":"tag-deutschland","14":"tag-eu","15":"tag-europe","16":"tag-friedrich-merz","17":"tag-germany","18":"tag-immigration","19":"tag-migrations-internationales","20":"tag-news","21":"tag-refugies","22":"tag-reportage-international","23":"tag-republique-federale-dallemagne","24":"tag-syrie"},"share_on_mastodon":{"url":"https:\/\/pubeurope.com\/@fr\/115125666718129936","error":""},"_links":{"self":[{"href":"https:\/\/www.europesays.com\/fr\/wp-json\/wp\/v2\/posts\/357114","targetHints":{"allow":["GET"]}}],"collection":[{"href":"https:\/\/www.europesays.com\/fr\/wp-json\/wp\/v2\/posts"}],"about":[{"href":"https:\/\/www.europesays.com\/fr\/wp-json\/wp\/v2\/types\/post"}],"author":[{"embeddable":true,"href":"https:\/\/www.europesays.com\/fr\/wp-json\/wp\/v2\/users\/2"}],"replies":[{"embeddable":true,"href":"https:\/\/www.europesays.com\/fr\/wp-json\/wp\/v2\/comments?post=357114"}],"version-history":[{"count":0,"href":"https:\/\/www.europesays.com\/fr\/wp-json\/wp\/v2\/posts\/357114\/revisions"}],"wp:featuredmedia":[{"embeddable":true,"href":"https:\/\/www.europesays.com\/fr\/wp-json\/wp\/v2\/media\/357115"}],"wp:attachment":[{"href":"https:\/\/www.europesays.com\/fr\/wp-json\/wp\/v2\/media?parent=357114"}],"wp:term":[{"taxonomy":"category","embeddable":true,"href":"https:\/\/www.europesays.com\/fr\/wp-json\/wp\/v2\/categories?post=357114"},{"taxonomy":"post_tag","embeddable":true,"href":"https:\/\/www.europesays.com\/fr\/wp-json\/wp\/v2\/tags?post=357114"}],"curies":[{"name":"wp","href":"https:\/\/api.w.org\/{rel}","templated":true}]}}