{"id":357118,"date":"2025-08-31T22:11:14","date_gmt":"2025-08-31T22:11:14","guid":{"rendered":"https:\/\/www.europesays.com\/fr\/357118\/"},"modified":"2025-08-31T22:11:14","modified_gmt":"2025-08-31T22:11:14","slug":"jours-feries-dette-ue-les-annonces-de-francois-bayrou-avant-un-vote-de-confiance-crucial-actualites","status":"publish","type":"post","link":"https:\/\/www.europesays.com\/fr\/357118\/","title":{"rendered":"Jours f\u00e9ri\u00e9s, dette, UE\u2026 les annonces de Fran\u00e7ois Bayrou avant un vote de confiance crucial : Actualit\u00e9s"},"content":{"rendered":"<p class=\"lead \"><strong>Dimanche 31 ao\u00fbt, quelques jours avant le vote de confiance qui pourrait voir sa chute advenir, le toujours Premier ministre Fran\u00e7ois Bayrou a r\u00e9pondu aux questions des journalistes au sujet de son budget, de la dette et des marges de n\u00e9gociation possibles.<\/strong><\/p>\n<p class=\"lead \"> \u00ab\u00a0Je suis absolument persuad\u00e9 que \u00e7a peut bouger.\u00a0\u00bb Face aux journalistes r\u00e9unis pour le questionner sur son budget et le vote de confiance dimanche 31 ao\u00fbt, Fran\u00e7ois Bayrou s&rsquo;est montr\u00e9 optimiste. Le Premier ministre risque pourtant de ne plus l&rsquo;\u00eatre tr\u00e8s longtemps, les oppositions ayant d\u00e9cid\u00e9, pour la plupart, de ne pas accorder la confiance au gouvernement au vu du budget d&rsquo;aust\u00e9rit\u00e9 propos\u00e9. \u00c0 l&rsquo;approche du mouvement du 10 septembre, la chute du Premier ministre pourrait appara\u00eetre comme une premi\u00e8re victoire pour les contestataires.<\/p>\n<p class=\"lead \">Alarmiste, Fran\u00e7ois Bayrou a rejet\u00e9 la faute sur les Fran\u00e7ais concernant le montant de la dette, celle-ci \u00e9tant de 3 345 milliards, tout en appelant les autres partis \u00e0 l&rsquo;Assembl\u00e9e nationale \u00e0 s&rsquo;unir pour lui car, \u00ab\u00a0c&rsquo;est le peuple fran\u00e7ais qui est en danger\u00a0\u00bb, a-t-il justifi\u00e9. Au sujet d&rsquo;une absence de n\u00e9gociation au pr\u00e9alable, Fran\u00e7ois Bayrou s&rsquo;est de nouveau justifi\u00e9 en invoquant les vacances des oppositions.<\/p>\n<p>                                                                                                Une marge de man\u0153uvre sur la suppression des jours f\u00e9ri\u00e9s ?<\/p>\n<p class=\"lead \">Si le Parti socialiste d&rsquo;Olivier Faure s&rsquo;est d&rsquo;ores et d\u00e9j\u00e0 pr\u00e9sent\u00e9 comme une alternative en proposant un contre-budget, le toujours Premier ministre a indiqu\u00e9 : \u00ab\u00a0Ce que propose le PS ce n\u2019est pas de freiner la d\u00e9pense, mais de laisser repartir la d\u00e9pense\u00a0\u00bb. Au sujet des jours f\u00e9ri\u00e9s, il s&rsquo;est d\u00e9clar\u00e9 ouvert \u00e0 la discussion et \u00ab\u00a0pr\u00eat \u00e0 faire un geste\u00a0\u00bb. \u00ab\u00a0Je suis ouvert \u00e0 la discussion, \u00e0 la condition imp\u00e9rative, qu\u2019on consid\u00e8re qu\u2019on ne peut pas ne rien faire\u00a0\u00bb, a-t-il d\u00e9clar\u00e9. Il s&rsquo;est en revanche montr\u00e9 fermement oppos\u00e9 \u00e0 la taxe Zucman.<\/p>\n<p class=\"lead \">Au sujet de l&rsquo;immigration, Bayrou a tent\u00e9 de rallier la confiance du Rassemblement national en \u00e9voquant une r\u00e9duction du \u00ab\u00a0volume\u00a0\u00bb de celle-ci. Il faut \u00e9galement faire \u00e9voluer la politique migratoire dans \u00ab\u00a0sa capacit\u00e9 \u00e0 ma\u00eetriser les entr\u00e9es et sorties du territoire\u00a0\u00bb, selon lui. Il s&rsquo;est \u00e9galement dit favorable \u00e0 r\u00e9duire l&rsquo;enveloppe budg\u00e9taire de la France vers l&rsquo;Union europ\u00e9enne, sur recommandation de la dirigeante d&rsquo;extr\u00eame droite Marine Le Pen. Le locataire de Matignon a \u00e9galement indiqu\u00e9 avoir invit\u00e9 les groupes parlementaires \u00e0 discuter pour n\u00e9gocier autour du budget. Les \u00c9cologistes et les Insoumis ont d&rsquo;ores et d\u00e9j\u00e0 fait savoir qu&rsquo;ils ne s&rsquo;y rendraient pas, rapporte <a href=\"https:\/\/www.bfmtv.com\/politique\/vote-de-confiance-les-partis-politiques-qui-acceptent-et-ceux-qui-refusent-la-consultation-a-matignon_AV-202508290720.html\" target=\"_blank\" rel=\"nofollow noopener\">BFMTV.<\/a><\/p>\n<p class=\"small font-weight-bold text-gray3 \"> publi\u00e9 le 31 ao\u00fbt \u00e0 20h16, Gabriel Gadr\u00e9, 6M\u00e9dias <\/p>\n<p>                             Partager<\/p>\n","protected":false},"excerpt":{"rendered":"Dimanche 31 ao\u00fbt, quelques jours avant le vote de confiance qui pourrait voir sa chute advenir, le toujours&hellip;\n","protected":false},"author":2,"featured_media":357119,"comment_status":"","ping_status":"","sticky":false,"template":"","format":"standard","meta":{"footnotes":""},"categories":[1586],"tags":[11,1777,674,1779,1011,27,12,25,1778,364],"class_list":{"0":"post-357118","1":"post","2":"type-post","3":"status-publish","4":"format-standard","5":"has-post-thumbnail","7":"category-europe","8":"tag-actualites","9":"tag-eu","10":"tag-europe","11":"tag-european-union","12":"tag-fr","13":"tag-france","14":"tag-news","15":"tag-republique-francaise","16":"tag-ue","17":"tag-union-europeenne"},"share_on_mastodon":{"url":"https:\/\/pubeurope.com\/@fr\/115125674491080824","error":""},"_links":{"self":[{"href":"https:\/\/www.europesays.com\/fr\/wp-json\/wp\/v2\/posts\/357118","targetHints":{"allow":["GET"]}}],"collection":[{"href":"https:\/\/www.europesays.com\/fr\/wp-json\/wp\/v2\/posts"}],"about":[{"href":"https:\/\/www.europesays.com\/fr\/wp-json\/wp\/v2\/types\/post"}],"author":[{"embeddable":true,"href":"https:\/\/www.europesays.com\/fr\/wp-json\/wp\/v2\/users\/2"}],"replies":[{"embeddable":true,"href":"https:\/\/www.europesays.com\/fr\/wp-json\/wp\/v2\/comments?post=357118"}],"version-history":[{"count":0,"href":"https:\/\/www.europesays.com\/fr\/wp-json\/wp\/v2\/posts\/357118\/revisions"}],"wp:featuredmedia":[{"embeddable":true,"href":"https:\/\/www.europesays.com\/fr\/wp-json\/wp\/v2\/media\/357119"}],"wp:attachment":[{"href":"https:\/\/www.europesays.com\/fr\/wp-json\/wp\/v2\/media?parent=357118"}],"wp:term":[{"taxonomy":"category","embeddable":true,"href":"https:\/\/www.europesays.com\/fr\/wp-json\/wp\/v2\/categories?post=357118"},{"taxonomy":"post_tag","embeddable":true,"href":"https:\/\/www.europesays.com\/fr\/wp-json\/wp\/v2\/tags?post=357118"}],"curies":[{"name":"wp","href":"https:\/\/api.w.org\/{rel}","templated":true}]}}