{"id":357120,"date":"2025-08-31T22:18:13","date_gmt":"2025-08-31T22:18:13","guid":{"rendered":"https:\/\/www.europesays.com\/fr\/357120\/"},"modified":"2025-08-31T22:18:13","modified_gmt":"2025-08-31T22:18:13","slug":"mercato-le-depart-dadrien-rabiot-de-lom-vers-lac-milan-se-precise-lequipe","status":"publish","type":"post","link":"https:\/\/www.europesays.com\/fr\/357120\/","title":{"rendered":"Mercato : le d\u00e9part d&#039;Adrien Rabiot de l&#039;OM vers l&#039;AC Milan se pr\u00e9cise &#8211; L&#039;\u00c9quipe"},"content":{"rendered":"<ol>\n<li><a href=\"https:\/\/news.google.com\/rss\/articles\/CBMiuwFBVV95cUxPeU1hMXlRME1xbF90MkRtUTF6N1EzYTdJbF9IMHRCTW1JYlhUYzBDb292dmcwcU1zcVl4Q3B0bkJrMTF2V1o0Rzg2RzFaTmp6MlJWOTBxSzZLS0l4NDNMNUs0Nk1DTXhxajZ1OWE4dks4SUc0YmdDRXJmR0ktbVF5N005aTlKQjlLVGJxWjEtRGVvODVRVnZVaWh0N2RTZGhVNVp6Y1Jhd2l0b3BzTE45R3lhZUtBZ0JXT2Rr?oc=5\" target=\"_blank\" rel=\"nofollow noopener\">Mercato : le d\u00e9part d&rsquo;Adrien Rabiot de l&rsquo;OM vers l&rsquo;AC Milan se pr\u00e9cise<\/a>&nbsp;&nbsp;L&rsquo;\u00c9quipe<\/li>\n<li><a href=\"https:\/\/news.google.com\/rss\/articles\/CBMilAFBVV95cUxQeDhkUWxlVVJFRjlfejRJemsyMG92a3VkdTFPbUN3UEZCalNxbmtIWlpPQnhJbksxTmRCSU9KS3ZJRmowek50TXZkbVZHOXMzcnI3djVhbXpwdEpyTklFVE5jTjNSRWVGSVlOM245VGZaMU5idFk3QjJLRzJaQklmeGt3MnFLUFRjeXQxcHB6YTZtZkF2?oc=5\" target=\"_blank\" rel=\"nofollow noopener\">OM : De Zerbi r\u00e9pond cash sur Adrien Rabiot<\/a>&nbsp;&nbsp;Foot Mercato<\/li>\n<li><a href=\"https:\/\/news.google.com\/rss\/articles\/CBMi9wFBVV95cUxPOXd1cEZQLWdsUEFxcFBhWG5QQ2VUYnZnSG41UjZFbm1DVFN1RTBzQXBHVmxwbmhBclgxNEQ2TFhJWmI2SXl0aHJ2ZkNXZEl1Rkt0ZmcwdThyYnBKVWJkcHhpbUw0QWMxdXhGaWJ5aEpwSkozWVp6blBGUHF1RVZ2bHhsWk9yMXN1d1E3TjBWejhwb2VvamdDV3dURTBIZm9Pek1fTU1OOHAzZ1pKZnRnQmR2T21NdXdSXy0yZ1RjYUlRdnhuOTZ0RGFlN0E1Q2VPY3ZzOWV5Rkh6aWRhcW9qRFFlUXowVHlmcEdSWkRoUTZoNkNZc09n?oc=5\" target=\"_blank\" rel=\"nofollow noopener\">Info Eurosport : Rabiot va signer \u00e0 l&rsquo;AC Milan<\/a>&nbsp;&nbsp;Eurosport<\/li>\n<li><a href=\"https:\/\/news.google.com\/rss\/articles\/CBMirwFBVV95cUxPeGFMSG4yZmxLRUR2cjkyUkF1N2Z0dEdYd09YeGpsajFvdElyZ3RpQkdaaGtxN1VPR3N4X2xuTGJZM0JIam9NLTlQXzFKcFhDZU1nNnloQ2pkSFN4d0NobHNVZFhLb0cxcnJaUEFLWXZBNndzbmU1dVU3eXpvSjdoc1Y1RWZRZmcxb2VSNnVtTUJFUmJzb0NCeWlibDRMbXYxNnNFUUE4ZkE2RUZ2M2N3?oc=5\" target=\"_blank\" rel=\"nofollow noopener\">Mercato OM &#8211; l&rsquo;OM OK sur la derni\u00e8re offre du Milan pour Rabiot<\/a>&nbsp;&nbsp;Le Phoc\u00e9en<\/li>\n<li><a href=\"https:\/\/news.google.com\/rss\/articles\/CBMiswFBVV95cUxNU1c1aktMWDd5QWpXTGtGdlJSZmYtQUtHaW1aMmdaQWxEMlkxU3lIa1hkNGdibFRCcmV4dkhmbHoyWGUyMEVkNlpKbGt3NjYwQTZBa0cyODZMNkphVHhpd2tabTNueHdTSXN1V0FTdXAyTUFDUms2VjZRMHpFeXZBTVczUXFyeURkNEx3Q2xJMkgtOXZyZ28xSTIxMjNZV1lBRlpYVGFWWmRoYXpNQ1ZySWhESdIBsgFBVV95cUxQVzg1UDhvN3JSblY3bkpUcHFpV1N4UzBhXzVVTHlvdTctcWhPanBLNUctc1hDb1NUS3U4N0J3NTVWTVlVc2VOWUcxXzVKQUkzUEM4a21xRWx1Rmh6MzF0SXRSSG1KQkljTGNnZEEwS1NRWkZDMVpscGdLQWVYbWJUNGtzaEhvWmFXMUlJRWZOSEpwbnR4WGNtNnZyWTB6ZjNtN2NtQ0xKV1ZkeF8yZC1sSlp3?oc=5\" target=\"_blank\" rel=\"nofollow noopener\">OM : L&rsquo;AC Milan formule une offre pour Rabiot<\/a>&nbsp;&nbsp;Orange Actualit\u00e9s | Sports<\/li>\n<\/ol>\n","protected":false},"excerpt":{"rendered":"Mercato : le d\u00e9part d&rsquo;Adrien Rabiot de l&rsquo;OM vers l&rsquo;AC Milan se pr\u00e9cise&nbsp;&nbsp;L&rsquo;\u00c9quipe OM : De Zerbi r\u00e9pond&hellip;\n","protected":false},"author":2,"featured_media":357121,"comment_status":"","ping_status":"","sticky":false,"template":"","format":"standard","meta":{"footnotes":""},"categories":[2],"tags":[11,1011,27,12,25],"class_list":{"0":"post-357120","1":"post","2":"type-post","3":"status-publish","4":"format-standard","5":"has-post-thumbnail","7":"category-actualites","8":"tag-actualites","9":"tag-fr","10":"tag-france","11":"tag-news","12":"tag-republique-francaise"},"share_on_mastodon":{"url":"https:\/\/pubeurope.com\/@fr\/115125702055794343","error":""},"_links":{"self":[{"href":"https:\/\/www.europesays.com\/fr\/wp-json\/wp\/v2\/posts\/357120","targetHints":{"allow":["GET"]}}],"collection":[{"href":"https:\/\/www.europesays.com\/fr\/wp-json\/wp\/v2\/posts"}],"about":[{"href":"https:\/\/www.europesays.com\/fr\/wp-json\/wp\/v2\/types\/post"}],"author":[{"embeddable":true,"href":"https:\/\/www.europesays.com\/fr\/wp-json\/wp\/v2\/users\/2"}],"replies":[{"embeddable":true,"href":"https:\/\/www.europesays.com\/fr\/wp-json\/wp\/v2\/comments?post=357120"}],"version-history":[{"count":0,"href":"https:\/\/www.europesays.com\/fr\/wp-json\/wp\/v2\/posts\/357120\/revisions"}],"wp:featuredmedia":[{"embeddable":true,"href":"https:\/\/www.europesays.com\/fr\/wp-json\/wp\/v2\/media\/357121"}],"wp:attachment":[{"href":"https:\/\/www.europesays.com\/fr\/wp-json\/wp\/v2\/media?parent=357120"}],"wp:term":[{"taxonomy":"category","embeddable":true,"href":"https:\/\/www.europesays.com\/fr\/wp-json\/wp\/v2\/categories?post=357120"},{"taxonomy":"post_tag","embeddable":true,"href":"https:\/\/www.europesays.com\/fr\/wp-json\/wp\/v2\/tags?post=357120"}],"curies":[{"name":"wp","href":"https:\/\/api.w.org\/{rel}","templated":true}]}}