{"id":357126,"date":"2025-08-31T22:22:08","date_gmt":"2025-08-31T22:22:08","guid":{"rendered":"https:\/\/www.europesays.com\/fr\/357126\/"},"modified":"2025-08-31T22:22:08","modified_gmt":"2025-08-31T22:22:08","slug":"large-succes-de-la-nouvelle-zelande-face-au-japon-en-phase-de-groupes-de-la-coupe-du-monde-lequipe","status":"publish","type":"post","link":"https:\/\/www.europesays.com\/fr\/357126\/","title":{"rendered":"Large succ\u00e8s de la Nouvelle-Z\u00e9lande face au Japon en phase de groupes de la Coupe du monde &#8211; L&#039;\u00c9quipe"},"content":{"rendered":"<ol>\n<li><a href=\"https:\/\/news.google.com\/rss\/articles\/CBMi1AFBVV95cUxQbzZKMDN1N0JVejhFRmxEMHloUC1vOGI0QkUyMGQxMk1RdUJDYXV0SXFLQzF1X2hwYU5PQ2JHby13MVRGWG8zQlpHVGtkNS1IZDBrWUxtNGZmMXh6dkVIcnZXcm9qV2diM0xmcWREUmxLemNEM252Y1VZb3dMVGExUUVNNU43dEVpbHV6V2I1dTZlVUswWVhLSXAtODhEOXdrRTBYM0x6SUJ4QmpwcVVPQXdrVVVfMl8zQzdudzRyTGtjcnVKbFVxMHhaS0hMM0lXakpoQQ?oc=5\" target=\"_blank\" rel=\"nofollow noopener\">Large succ\u00e8s de la Nouvelle-Z\u00e9lande face au Japon en phase de groupes de la Coupe du monde<\/a>&nbsp;&nbsp;L&rsquo;\u00c9quipe<\/li>\n<li><a href=\"https:\/\/news.google.com\/rss\/articles\/CBMitwFBVV95cUxOQy1VNmNlNk9qZElCejRjR3NibGpRQzdsMDB2azhCSHE2UnhxcVBnLWNtd20yY0JZVGUyZER5Z2RmckFZNDJJZDRxUk1fWTNiTXg3Y1FHRFF4MnBvQXFmcVJYZzZTZXh6UE0wMC1GTE8tQ08zSmxIVVROVm1Kc0Q3UlAzRWlRU21YS1RveldnTFBQbWh3RVNnZXlIVXZOT3I2cE05X3BPcGtzbGFSU3ZfQXg0c3pZTEXSAbYBQVVfeXFMTnJGcHJrZk5qUnNoMWZzaTlvT19sWnpRcHBQM2JGaUdaRWN5N3RUZktoMU82SVFodFg0WGo1UTFwZzBEWDI0STFQS1pkSUhJdkZKZlpBOTROSkt0ckNSbXh6ZkNEQUpWU1BnRlk1Wm56d0laaENLd1ptenRTWC1Xek9FSnBYSGN3MHptQWktOHVzMXN5WWxnWHI0ZzF4QnBYU3JqQkVJMnNXTlFzbmxLLU51SEVtM3c?oc=5\" target=\"_blank\" rel=\"nofollow noopener\">Coupe du Monde (F) : Les r\u00e9sultats de dimanche<\/a>&nbsp;&nbsp;Orange Actualit\u00e9s | Sports<\/li>\n<li><a href=\"https:\/\/news.google.com\/rss\/articles\/CBMi-wFBVV95cUxQSUVHQ0dBUU1Od1dYOEhST2M3LUR6VWxwNVB5TmF3bUVfekdmMWpjb2kzWXVxdGd5N2pfaGlUSm9DRlpCcEs1RkRJNmJiZHRHR0dSanpVLTVzME5weE03a0VZbEQ0ZkZZM2UwaFVVd1VMVWh1eTdnWm5lNFVmZjk4MFp6VzRHTGNlMEtMTUxVT0w3S3A1T09lenR5UGUzWXFuNWtpRHRycU1vX0swcXlmNlJXWm5KSjBmMGpmczJueWpLUkxZMVVkZEVNcThxWklNQVRJNVhVVko5a0t6MllFV1Z1NUFVQVFxRHJuS0RDYXZsa3NUV3dzNDhxNA?oc=5\" target=\"_blank\" rel=\"nofollow noopener\">Coupe du monde f\u00e9minine de rugby : les N\u00e9o-Z\u00e9landais et les Irlandaises qualifi\u00e9es pour les quarts de finale<\/a>&nbsp;&nbsp;Le Figaro<\/li>\n<li><a href=\"https:\/\/news.google.com\/rss\/articles\/CBMi-AFBVV95cUxPSnNXaHIwaUVPRTVYd3dLazNPbmhGZlBOSi0yejVBaThMTWpnaFVYTFIxTEgxM3JaY0NFTC10SGd3YUVmaXZySWNDcWhtbkZiQzNKMkJOc0xaWHZLYS1FZW5MV3pSTjJZX3lidXU2UDFfQlNlZmlqWGoyYzZvelZEcE5kUDROSzBnMEFCenluWmx1cmJuMXF0aEluZUZsWmRWZ0dDcXVYVml0cU14UGlZcnpKUVNXQ19kTXVkSEM2MWxVX2d0NV9iaTBNR0hvOGtZbF9BYWxLQXd6cXpDQjR6eHdDRE1HQjNIenRQMVplYjZuUV9HYlctZw?oc=5\" target=\"_blank\" rel=\"nofollow noopener\">Mondial de rugby. La Nouvelle-Z\u00e9lande et l\u2019Irlande qualifi\u00e9es en quarts de finale<\/a>&nbsp;&nbsp;Ouest-France<\/li>\n<li><a href=\"https:\/\/news.google.com\/rss\/articles\/CBMiwgFBVV95cUxNejIyaVFoM1dYT0dmNXJMRV9LS3NMdTBQQVFTR0JUVzI5cXpVYjJuZlJiT3dXNE9GaVY4Y3BjNFFrRTZvOURoLXFpMWNuaXI0UTVLVEpQS2dtMi1NVk16V3pzVVFNODR2eEI3QkpUb2JrNVVIbWJuN1ZSWUo3cXJLTTkzeEd3QzVGWGhZU0hBODljMnZHcUJZNWZBTWR3NmVLMGpJNmdKRUpIZGYwaWpRZnUtamFfQ05mbHlIWVBDR2lxdw?oc=5\" target=\"_blank\" rel=\"nofollow noopener\">Groupe C &#8211; Journ\u00e9e 2 : Nouvelle-Z\u00e9lande vs Japon en replay &#8211; Manipulations, une histoire fran\u00e7aise<\/a>&nbsp;&nbsp;France TV<\/li>\n<\/ol>\n","protected":false},"excerpt":{"rendered":"Large succ\u00e8s de la Nouvelle-Z\u00e9lande face au Japon en phase de groupes de la Coupe du monde&nbsp;&nbsp;L&rsquo;\u00c9quipe Coupe&hellip;\n","protected":false},"author":2,"featured_media":357127,"comment_status":"","ping_status":"","sticky":false,"template":"","format":"standard","meta":{"footnotes":""},"categories":[1416],"tags":[1011,27,479,1468,60],"class_list":{"0":"post-357126","1":"post","2":"type-post","3":"status-publish","4":"format-standard","5":"has-post-thumbnail","7":"category-rugby","8":"tag-fr","9":"tag-france","10":"tag-rugby","11":"tag-rugby-football","12":"tag-sports"},"share_on_mastodon":{"url":"https:\/\/pubeurope.com\/@fr\/115125717797183888","error":""},"_links":{"self":[{"href":"https:\/\/www.europesays.com\/fr\/wp-json\/wp\/v2\/posts\/357126","targetHints":{"allow":["GET"]}}],"collection":[{"href":"https:\/\/www.europesays.com\/fr\/wp-json\/wp\/v2\/posts"}],"about":[{"href":"https:\/\/www.europesays.com\/fr\/wp-json\/wp\/v2\/types\/post"}],"author":[{"embeddable":true,"href":"https:\/\/www.europesays.com\/fr\/wp-json\/wp\/v2\/users\/2"}],"replies":[{"embeddable":true,"href":"https:\/\/www.europesays.com\/fr\/wp-json\/wp\/v2\/comments?post=357126"}],"version-history":[{"count":0,"href":"https:\/\/www.europesays.com\/fr\/wp-json\/wp\/v2\/posts\/357126\/revisions"}],"wp:featuredmedia":[{"embeddable":true,"href":"https:\/\/www.europesays.com\/fr\/wp-json\/wp\/v2\/media\/357127"}],"wp:attachment":[{"href":"https:\/\/www.europesays.com\/fr\/wp-json\/wp\/v2\/media?parent=357126"}],"wp:term":[{"taxonomy":"category","embeddable":true,"href":"https:\/\/www.europesays.com\/fr\/wp-json\/wp\/v2\/categories?post=357126"},{"taxonomy":"post_tag","embeddable":true,"href":"https:\/\/www.europesays.com\/fr\/wp-json\/wp\/v2\/tags?post=357126"}],"curies":[{"name":"wp","href":"https:\/\/api.w.org\/{rel}","templated":true}]}}