{"id":357128,"date":"2025-08-31T22:23:10","date_gmt":"2025-08-31T22:23:10","guid":{"rendered":"https:\/\/www.europesays.com\/fr\/357128\/"},"modified":"2025-08-31T22:23:10","modified_gmt":"2025-08-31T22:23:10","slug":"a-lus-open-les-francais-arthur-rinderknech-et-adrian-mannarino-sortis-par-carlos-alcaraz-et-jiri-lehecka","status":"publish","type":"post","link":"https:\/\/www.europesays.com\/fr\/357128\/","title":{"rendered":"\u00e0 l\u2019US Open, les Fran\u00e7ais Arthur Rinderknech et Adrian Mannarino sortis par Carlos Alcaraz et Jiri Lehecka"},"content":{"rendered":"<p>                          <img loading=\"lazy\" decoding=\"async\" src=\"https:\/\/www.europesays.com\/fr\/wp-content\/uploads\/2025\/08\/e04cf32_ftp-import-images-1-hphxftts8fta-5764137-01-06.jpg\" alt=\"Carlos Alcaraz apr\u00e8s sa victoire contre Arthur Rinderknech \u00e0 l\u2019US Open, \u00e0 New York, le 31\u00a0ao\u00fbt 2025.\"   width=\"664\" height=\"443\"\/>    Carlos Alcaraz apr\u00e8s sa victoire contre Arthur Rinderknech \u00e0 l\u2019US Open, \u00e0 New York, le 31\u00a0ao\u00fbt 2025.  CLIVE BRUNSKILL \/ AFP                          <\/p>\n<p class=\"article__paragraph  \">Il n\u2019y a plus de Fran\u00e7ais \u00e0 l\u2019US Open\u00a0: Arthur Rinderknech (82e au classement ATP) s\u2019est logiquement inclin\u00e9, dimanche 31\u00a0ao\u00fbt \u00e0 New York, contre le num\u00e9ro\u00a02 mondial, Carlos Alcaraz, en huiti\u00e8mes de finale, quelques heures apr\u00e8s la d\u00e9faite en quatre sets d\u2019Adrian Mannarino (77e).<\/p>\n<p class=\"article__paragraph  \">Pour son premier huiti\u00e8me en finale en Grand Chelem, Arthur Rinderknech, 30\u00a0ans, s\u2019est heurt\u00e9 \u00e0 un mur, le quintuple laur\u00e9at d\u2019un tournoi majeur, Carlos Alcaraz. Comme lors de ses trois duels pr\u00e9c\u00e9dents avec l\u2019Espagnol de 22\u00a0ans, vainqueur \u00e0 New York en\u00a02022, le joueur entra\u00een\u00e9 par Lucas Pouille s\u2019est inclin\u00e9.<\/p>\n<p class=\"article__paragraph  \">Malgr\u00e9 sa d\u00e9faite 7-6 (7\/3), 6-3, 6-4, Rinderknech va grimper de plus de 20 places au classement ATP pour naviguer aux alentours du top 60. Son parcours \u00e0 New York conclut un \u00e9t\u00e9 o\u00f9 il aura battu son premier top 10 au Queen\u2019s (Ben Shelton) en juin, vaincu le num\u00e9ro\u00a03 mondial Alexander Zverev \u00e0 Wimbledon et r\u00e9alis\u00e9 sa meilleure performance en Grand Chelem.<\/p>\n<p class=\"article__paragraph  \">Il va d\u00e9sormais pouvoir pr\u00e9parer le d\u00e9placement de l\u2019\u00e9quipe de France en Croatie, pr\u00e9vu les 12 et 13\u00a0septembre et dont l\u2019enjeu sera de qualifier les Bleus pour la phase finale \u00e0 huit \u00e9quipes de la Coupe Davis. Alcaraz va pour sa part affronter en quarts de finale un autre joueur qui a battu un Fran\u00e7ais en huiti\u00e8mes, le Tch\u00e8que Jiri Lehecka (21e).<\/p>\n<p>                    Mannarino \u00ab\u00a0entam\u00e9 physiquement\u00a0\u00bb                    <\/p>\n<p class=\"article__paragraph  \">Revenu, comme Rinderknech, d\u2019un d\u00e9but de saison gal\u00e8re o\u00f9 il \u00e9tait sorti du top 100, Adrian Mannarino a lui aussi disput\u00e9 dimanche \u00e0 37\u00a0ans son premier huiti\u00e8me de finale \u00e0 l\u2019US Open, contre Jiri Lehecka. L\u2019issue a \u00e9t\u00e9 la m\u00eame que lors de ses cinq huiti\u00e8mes de finale pr\u00e9c\u00e9dents en Grand Chelem. Battu 7-6 (7\/4), 6-3, 2-6, 6-2 apr\u00e8s une bagarre de trois heures et quart, le gaucher quitte New York avec un petit go\u00fbt de trop peu.<\/p>\n<p class=\"article__paragraph  \">Apr\u00e8s \u00eatre tomb\u00e9 sur Rafael Nadal, Novak Djokovic ou Roger Federer en huiti\u00e8mes de finale de Wimbledon ou de l\u2019Open d\u2019Australie ces derni\u00e8res ann\u00e9es, \u00ab\u00a0pour une fois, je trouve que le match \u00e9tait un peu plus \u00e0 ma port\u00e9e\u00a0\u00bb, a estim\u00e9 le perdant. \u00ab\u00a0Du coup j\u2019\u00e9tais un peu plus tendu que sur les matchs pr\u00e9c\u00e9dents\u00a0\u00bb et \u00ab\u00a0entam\u00e9 physiquement\u00a0\u00bb, a regrett\u00e9 Mannarino. \u00ab\u00a0J\u2019ai eu une grosse contracture qui est arriv\u00e9e \u00e0 la fin du premier set\u00a0\u00bb, a r\u00e9v\u00e9l\u00e9 le Fran\u00e7ais, mass\u00e9 \u00e0 la cuisse droite \u00e0 l\u2019issue de la troisi\u00e8me manche.<\/p>\n<p class=\"article__paragraph  \">Pour son entra\u00eeneur Vincent Millot, \u00ab\u00a0c\u2019est une d\u00e9faite aujourd\u2019hui, mais le parcours est fabuleux\u00a0\u00bb. Avant le d\u00e9but du tournoi, \u00ab\u00a0on aurait sign\u00e9 pour aller jusqu\u2019en huiti\u00e8mes de finale\u00a0\u00bb, a assur\u00e9 cet ami de Mannarino qui s\u2019est substitu\u00e9, le temps de la tourn\u00e9e nord-am\u00e9ricaine sur dur, au coach habituel du Fran\u00e7ais, Erwann Tortuyaux. Le Francilien va gagner une vingtaine de places au prochain classement mondial, de quoi int\u00e9grer directement le tableau final des prochains ATP 250 et les qualifications des ATP 500, s\u2019est-il r\u00e9joui.<\/p>\n<p class=\"author__detail\">  Le Monde avec AFP  <\/p>\n<p>                  <a href=\"https:\/\/www.lemonde.fr\/syndication\/\" class=\"reuse__content\" title=\"R\u00e9utiliser ce contenu\" target=\"_blank\" rel=\"nofollow noopener\">R\u00e9utiliser ce contenu<\/a>      <\/p>\n","protected":false},"excerpt":{"rendered":"Carlos Alcaraz apr\u00e8s sa victoire contre Arthur Rinderknech \u00e0 l\u2019US Open, \u00e0 New York, le 31\u00a0ao\u00fbt 2025. CLIVE&hellip;\n","protected":false},"author":2,"featured_media":357129,"comment_status":"","ping_status":"","sticky":false,"template":"","format":"standard","meta":{"footnotes":""},"categories":[1415],"tags":[1011,27,60,1467],"class_list":{"0":"post-357128","1":"post","2":"type-post","3":"status-publish","4":"format-standard","5":"has-post-thumbnail","7":"category-tennis","8":"tag-fr","9":"tag-france","10":"tag-sports","11":"tag-tennis"},"share_on_mastodon":{"url":"https:\/\/pubeurope.com\/@fr\/115125721684742721","error":""},"_links":{"self":[{"href":"https:\/\/www.europesays.com\/fr\/wp-json\/wp\/v2\/posts\/357128","targetHints":{"allow":["GET"]}}],"collection":[{"href":"https:\/\/www.europesays.com\/fr\/wp-json\/wp\/v2\/posts"}],"about":[{"href":"https:\/\/www.europesays.com\/fr\/wp-json\/wp\/v2\/types\/post"}],"author":[{"embeddable":true,"href":"https:\/\/www.europesays.com\/fr\/wp-json\/wp\/v2\/users\/2"}],"replies":[{"embeddable":true,"href":"https:\/\/www.europesays.com\/fr\/wp-json\/wp\/v2\/comments?post=357128"}],"version-history":[{"count":0,"href":"https:\/\/www.europesays.com\/fr\/wp-json\/wp\/v2\/posts\/357128\/revisions"}],"wp:featuredmedia":[{"embeddable":true,"href":"https:\/\/www.europesays.com\/fr\/wp-json\/wp\/v2\/media\/357129"}],"wp:attachment":[{"href":"https:\/\/www.europesays.com\/fr\/wp-json\/wp\/v2\/media?parent=357128"}],"wp:term":[{"taxonomy":"category","embeddable":true,"href":"https:\/\/www.europesays.com\/fr\/wp-json\/wp\/v2\/categories?post=357128"},{"taxonomy":"post_tag","embeddable":true,"href":"https:\/\/www.europesays.com\/fr\/wp-json\/wp\/v2\/tags?post=357128"}],"curies":[{"name":"wp","href":"https:\/\/api.w.org\/{rel}","templated":true}]}}