{"id":357132,"date":"2025-08-31T22:28:20","date_gmt":"2025-08-31T22:28:20","guid":{"rendered":"https:\/\/www.europesays.com\/fr\/357132\/"},"modified":"2025-08-31T22:28:20","modified_gmt":"2025-08-31T22:28:20","slug":"acosta-doit-accepter-detre-battu-par-moins-talentueux-que-lui","status":"publish","type":"post","link":"https:\/\/www.europesays.com\/fr\/357132\/","title":{"rendered":"Acosta doit accepter d&rsquo;\u00eatre \u00ab\u00a0battu par moins talentueux que lui\u00a0\u00bb"},"content":{"rendered":"<p><a href=\"https:\/\/fr.motorsport.com\/driver\/pedro-acosta\/840236\/\" target=\"_blank\" rel=\"noopener nofollow\">Pedro Acosta<\/a> est d\u00e9termin\u00e9 \u00e0 travailler sur son impatience. Trop souvent depuis son arriv\u00e9e en MotoGP, l&rsquo;Espagnol a vu de potentiels bons r\u00e9sultats lui \u00e9chapper en raison de son agressivit\u00e9. Ce constat, qui peut sembler dur, \u00e9tait exprim\u00e9 par le pilote lui-m\u00eame apr\u00e8s sa quatri\u00e8me place au GP d&rsquo;Autriche.<\/p>\n<p>\u00ab\u00a0Dans une journ\u00e9e classique pour Pedro Acosta, j&rsquo;aurais fini dans les graviers\u00a0\u00bb, r\u00e9sumait-il alors, confiant avoir eu <a href=\"https:\/\/fr.motorsport.com\/motogp\/news\/pedro-acosta-gagner-calme-conseils-ktm\/10752065\/\" rel=\"nofollow noopener\" target=\"_blank\">de nombreuses r\u00e9unions sur le sujet avec les dirigeants de KTM<\/a> ces derniers temps.<\/p>\n<p>Une semaine plus tard, en Hongrie, Acosta \u00e9tait le seul \u00e0 pouvoir plus ou moins suivre <a href=\"https:\/\/fr.motorsport.com\/driver\/marc-marquez\/92646\/\" target=\"_blank\" rel=\"noopener nofollow\">Marc M\u00e1rquez<\/a>, mais il est retomb\u00e9 dans ses travers, \u00e0 tous les sens du terme. Leader le vendredi mais auteur d&rsquo;un spectaculaire highside, Acosta a surtout g\u00e2ch\u00e9 ses chances avec une chute en qualifications.<\/p>\n<p>Il n&rsquo;a pu se qualifier qu&rsquo;en troisi\u00e8me ligne et a \u00e9t\u00e9 g\u00ean\u00e9 par l&rsquo;incident du d\u00e9part lors du sprint, ce qui l&rsquo;a fait sortir des positions rapportant des points. En voulant \u00e0 tout prix doubler <a href=\"https:\/\/fr.motorsport.com\/driver\/jorge-martin\/109391\/\" target=\"_blank\" rel=\"noopener nofollow\">Jorge Mart\u00edn<\/a>, Acosta a connu une nouvelle chute. \u00ab\u00a0\u00c7a s&rsquo;est mal pass\u00e9 et c&rsquo;est s\u00fbr que je ne tenterai pas \u00e7a [dimanche]\u00a0\u00bb, <a href=\"https:\/\/fr.motorsport.com\/motogp\/news\/pedro-acosta-paye-erreurs-balaton-park\/10753016\/\" rel=\"nofollow noopener\" target=\"_blank\">promettait-il<\/a>.<\/p>\n<p>   <img decoding=\"async\" draggable=\"false\" src=\"https:\/\/www.europesays.com\/fr\/wp-content\/uploads\/2025\/08\/1756679298_88_pedro-acosta-red-bull-ktm-fact.jpg\" alt=\"Pedro Acosta, Red Bull KTM Factory Racing&#10;\" width=\"1200\" height=\"800\" loading=\"lazy\"\/> <\/p>\n<p class=\"title\">Pedro Acosta<\/p>\n<p class=\"photographer\">Photo de: Rob Gray \/ Polarity Photo<\/p>\n<blockquote>\n<p>\u00a0On ne peut pas toujours se dire qu&rsquo;une remont\u00e9e sauvera le week-end.<\/p>\n<\/blockquote>\n<p>Et en effet, Acosta est rest\u00e9 sur ses roues et a pu remonter jusqu&rsquo;\u00e0 la deuxi\u00e8me place en course principale. D\u00e8s l&rsquo;arriv\u00e9e, il a tenu \u00e0 remercier l&rsquo;ancien Carmelo Morales, le dernier \u00e0 lui avoir fait la le\u00e7on. \u00ab\u00a0Disons qu&rsquo;on a eu une conversation difficile [samedi] au sujet de mes erreurs et de comment je g\u00e9rais mes \u00e9motions\u00a0\u00bb, a confi\u00e9 le pilote KTM dans le parc ferm\u00e9. \u00ab\u00a0J&rsquo;ai le sentiment de l&rsquo;avoir \u00e9cout\u00e9 [en course principale].\u00a0\u00bb<\/p>\n<p>C&rsquo;est donc un Pedro Acosta plus que jamais conscient du besoin d&rsquo;assurer des points qui a analys\u00e9 sa prestation au Balaton Park. \u00ab\u00a0Actuellement, il nous manque un week-end complet\u00a0\u00bb, a-t-il reconnu en conf\u00e9rence de presse. \u00ab\u00a0On a \u00e9t\u00e9 super rapides le vendredi [en Hongrie] mais j&rsquo;ai mis le bazar en qualifications samedi.\u00a0\u00bb<\/p>\n<p>\u00ab\u00a0Je pense que c&rsquo;est le genre de choses que je dois am\u00e9liorer pour \u00eatre vraiment constant, parce qu&rsquo;on se bat pour \u00eatre tout le temps dans le top 5, mais si on passe tout le week-end dans le top 5 et qu&rsquo;en qualifications, on fait cette grosse erreur, c&rsquo;est toujours difficile de remonter.\u00a0\u00bb<\/p>\n<p>   <img decoding=\"async\" draggable=\"false\" src=\"https:\/\/www.europesays.com\/fr\/wp-content\/uploads\/2025\/08\/1756679299_366_pedro-acosta-red-bull-ktm-fact.jpg\" alt=\"Pedro Acosta, Red Bull KTM Factory Racing&#10;\" width=\"1200\" height=\"800\" loading=\"lazy\"\/> <\/p>\n<p class=\"title\">Pedro Acosta<\/p>\n<p class=\"photographer\">Photo de: Rob Gray \/ Polarity Photo<\/p>\n<p>\u00ab\u00a0Depuis Brno, j&rsquo;ai fait de bonnes remont\u00e9es mais on ne peut pas toujours se dire qu&rsquo;une remont\u00e9e sauvera le week-end. Il faut voir comment mieux g\u00e9rer les qualifications et comment se qualifier devant.\u00a0\u00bb<\/p>\n<p>Acosta doit accepter le niveau de sa moto<\/p>\n<p>Ces signes de maturit\u00e9 arrivent logiquement pour un pilote qui reste le deuxi\u00e8me plus jeune du plateau. Le tr\u00e8s exp\u00e9riment\u00e9 <a href=\"https:\/\/fr.motorsport.com\/driver\/pol-espargaro\/94345\/\" target=\"_blank\" rel=\"noopener nofollow\">Pol Espargar\u00f3<\/a>, align\u00e9 au Balaton Park sur la moto de <a href=\"https:\/\/fr.motorsport.com\/driver\/maverick-vinales\/96553\/\" target=\"_blank\" rel=\"noopener nofollow\">Maverick Vi\u00f1ales<\/a>, estime que son compatriote doit apprendre \u00e0 accepter que la KTM n&rsquo;est pas la meilleure moto du plateau.<\/p>\n<p>\u00ab\u00a0Je comprends totalement Pedro\u00a0\u00bb, a assure Espargar\u00f3. \u00ab\u00a0Il est jeune, il est super talentueux et \u2013 il m&rsquo;a aussi fallu beaucoup de temps pour l&rsquo;accepter \u2013 il voit des pilotes moins talentueux que lui le battre.\u00a0\u00bb<\/p>\n<p>   <img decoding=\"async\" draggable=\"false\" src=\"https:\/\/www.europesays.com\/fr\/wp-content\/uploads\/2025\/08\/1756679300_245_pedro-acosta-red-bull-ktm-fact.jpg\" alt=\"Pedro Acosta, Red Bull KTM Factory Racing&#10;\" width=\"1200\" height=\"800\" loading=\"lazy\"\/> <\/p>\n<p class=\"title\">Pedro Acosta<\/p>\n<p class=\"photographer\">Photo de: Rob Gray \/ Polarity Photo<\/p>\n<p>\u00ab\u00a0Quand tu es jeune et que tu vois ce genre de choses, tu trouves \u00e7a super injuste, \u00e7a l&rsquo;est, c&rsquo;est injuste&#8230; mais c&rsquo;est comme \u00e7a. Parfois, le MotoGP n&rsquo;est pas juste, la vie en g\u00e9n\u00e9ral, mais le MotoGP n&rsquo;est pas toujours un sport juste. On se bat contre \u00e7a et parfois, il faut comprendre qu&rsquo;il faut finir sixi\u00e8me, et que c&rsquo;est n\u00e9cessaire.\u00a0\u00bb<\/p>\n<p>\u00ab\u00a0Ce n&rsquo;est pas sympa mais c&rsquo;est quelque chose que l&rsquo;on commence \u00e0 comprendre en murissant, avec plus d&rsquo;exp\u00e9rience. Je pense qu&rsquo;il est dans ce processus.\u00a0\u00bb<\/p>\n<p>Lire aussi :<\/p>\n<p>Dans cet article<\/p>\n<p>Soyez le premier inform\u00e9 et souscrivez aux alertes mails pour recevoir les infos en temps r\u00e9el<\/p>\n<p>    S&rsquo;abonner aux alertes de news<\/p>\n","protected":false},"excerpt":{"rendered":"Pedro Acosta est d\u00e9termin\u00e9 \u00e0 travailler sur son impatience. Trop souvent depuis son arriv\u00e9e en MotoGP, l&rsquo;Espagnol a&hellip;\n","protected":false},"author":2,"featured_media":357133,"comment_status":"","ping_status":"","sticky":false,"template":"","format":"standard","meta":{"footnotes":""},"categories":[1413],"tags":[49282,1011,27,1457,1456,1458,3070,5129,3068,60],"class_list":{"0":"post-357132","1":"post","2":"type-post","3":"status-publish","4":"format-standard","5":"has-post-thumbnail","7":"category-moto","8":"tag-espargaru00f3u00a0-acosta-doit-accepter-du00eatre-battu-par-moins-talentueux-que-lui","9":"tag-fr","10":"tag-france","11":"tag-moto","12":"tag-motocycle","13":"tag-motogp","14":"tag-pedro-acosta","15":"tag-pol-espargaru00f3","16":"tag-red-bull-ktm-factory-racing","17":"tag-sports"},"share_on_mastodon":{"url":"https:\/\/pubeurope.com\/@fr\/115125741642528892","error":""},"_links":{"self":[{"href":"https:\/\/www.europesays.com\/fr\/wp-json\/wp\/v2\/posts\/357132","targetHints":{"allow":["GET"]}}],"collection":[{"href":"https:\/\/www.europesays.com\/fr\/wp-json\/wp\/v2\/posts"}],"about":[{"href":"https:\/\/www.europesays.com\/fr\/wp-json\/wp\/v2\/types\/post"}],"author":[{"embeddable":true,"href":"https:\/\/www.europesays.com\/fr\/wp-json\/wp\/v2\/users\/2"}],"replies":[{"embeddable":true,"href":"https:\/\/www.europesays.com\/fr\/wp-json\/wp\/v2\/comments?post=357132"}],"version-history":[{"count":0,"href":"https:\/\/www.europesays.com\/fr\/wp-json\/wp\/v2\/posts\/357132\/revisions"}],"wp:featuredmedia":[{"embeddable":true,"href":"https:\/\/www.europesays.com\/fr\/wp-json\/wp\/v2\/media\/357133"}],"wp:attachment":[{"href":"https:\/\/www.europesays.com\/fr\/wp-json\/wp\/v2\/media?parent=357132"}],"wp:term":[{"taxonomy":"category","embeddable":true,"href":"https:\/\/www.europesays.com\/fr\/wp-json\/wp\/v2\/categories?post=357132"},{"taxonomy":"post_tag","embeddable":true,"href":"https:\/\/www.europesays.com\/fr\/wp-json\/wp\/v2\/tags?post=357132"}],"curies":[{"name":"wp","href":"https:\/\/api.w.org\/{rel}","templated":true}]}}