{"id":357134,"date":"2025-08-31T22:29:20","date_gmt":"2025-08-31T22:29:20","guid":{"rendered":"https:\/\/www.europesays.com\/fr\/357134\/"},"modified":"2025-08-31T22:29:20","modified_gmt":"2025-08-31T22:29:20","slug":"coupe-du-monde-feminine-de-rugby-en-video-la-danse-des-bresiliennes-et-des-bleues-dans-le-vestiaire-apres-le-match-le-figaro","status":"publish","type":"post","link":"https:\/\/www.europesays.com\/fr\/357134\/","title":{"rendered":"Coupe du monde f\u00e9minine de rugby : en vid\u00e9o, la danse des Br\u00e9siliennes et des Bleues dans le vestiaire apr\u00e8s le match &#8211; Le Figaro"},"content":{"rendered":"<ol>\n<li><a href=\"https:\/\/news.google.com\/rss\/articles\/CBMigwJBVV95cUxQUktldVNjOGJZcFhOMHlSSmJFQVZ4UlJ4X2E5M0c5dFNyNWszTVZwMHRUSkhjUnRUSXR3MDl3UWhEbElmcnYzRmNGc1VqTFFUejYzZUcyUlN0R0lCSnFiQXR3aFlJSVhEalRrdWlyUTg1WmpHeE8tSl95eWFQMzg2a01LVHJRd1pLOWd1T285aklxVnhJR2w0VlJMUjZPVl9CaVZWaF93MmNHMU1LZFp2MUhMaVZIT0ZtdkFUbEU0TlNPUklOTDhZNGpSZHBIRVAwQVFfUExtSDRBUUFESFN6TzdiODd3V1h3SGJsRmoxZjNiem4yNzJzak1ZTlQ2US1HYks4?oc=5\" target=\"_blank\" rel=\"noopener\">Coupe du monde f\u00e9minine de rugby : en vid\u00e9o, la danse des Br\u00e9siliennes et des Bleues dans le vestiaire apr\u00e8s le match<\/a>&nbsp;&nbsp;Le Figaro<\/li>\n<li><a href=\"https:\/\/news.google.com\/rss\/articles\/CBMi2wFBVV95cUxObFF0UTlFRmpxemFtbE5jNG0zRzNpVVExS09NZ2ZLTVgzampNNTFkbm9mZ2Y2WFRwZDRSRTE2cXdHYnZsOUtfZTgzZHR3OXBoY0xfRE8takZ4R0ZrSkRFVlN5cW5NbjRtWHhxT1NRZVV6U0tKNnNYX2s2c1c0TlF1N2E5YTlQalg2RW1JZG9IT3gzNzZIMEs5TUtHQ1JpMmlwRGoyZzhfYlhsTVRoWnBNQ3BKdjM1TTA0bGgyQlZhMGRJRU9ZUnpTeWVBeUluRDllbS1HQ3YwYWVMTms?oc=5\" target=\"_blank\" rel=\"noopener\">L&rsquo;\u00e9quipe de France \u00e9crase le Br\u00e9sil et assure sa place en quarts de finale de la Coupe du monde<\/a>&nbsp;&nbsp;L&rsquo;\u00c9quipe<\/li>\n<li><a href=\"https:\/\/news.google.com\/rss\/articles\/CBMiugFBVV95cUxNYloyT3M3VnRMSDVXOV9DWmpoOG5yQjQwcjdrZThVNjFMZXNfWmRVeVptVk5LY3VzaDBRczNfLVhkSHNlc1pfLWRBcFdqRDdKT0RhZDFST0hweUVQUnhocG5xZXRkeUtONG9CblhZVjVEeWhtN2V3N2ZNUnZXVlpHVDI4SDhpaFQ0MW51X0g0NEpnTnpwaVJ6cE5qeVo2ZzVvdEtYckVUdUh1b0hrU2p6VFVWZFRlUlFlTlE?oc=5\" target=\"_blank\" rel=\"noopener\">Coupe du Monde (F) : Suivez France &#8211; Br\u00e9sil en direct<\/a>&nbsp;&nbsp;Orange Actualit\u00e9s | Sports<\/li>\n<li><a href=\"https:\/\/news.google.com\/rss\/articles\/CBMi3wFBVV95cUxNYVJabDU0QzBsZUtFTHFON1loWktZWWZEaDdTQ1ZkY1JZSVE3YWM5ZHpkek9YN2dyNUxNZGRGYmNfb3haZ1BNbjA3LW5JZ1UtTHByOGhIOGhTUUpMWlVONHFoWjdZTHgyMDJ3TmI0QVNzSHRna0EtLVh0Rk95Zkg1dmhGb2ZwaFRBcDdMQmZmYlhaREJzTzNhbG9NTG5maTBwSVN3elZkbGtVSXN0VGttYjZVTHZ3Q0xkZ21YWm9jN0tGZnpQQ21sQlZQTUJVYkxqVjVlVmNFNEU2SndkTVB3?oc=5\" target=\"_blank\" rel=\"noopener\">France-Br\u00e9sil : revivez la victoire des Bleues contre les Yaras \u00e0 la Coupe du monde f\u00e9minine de rugby<\/a>&nbsp;&nbsp;Le Monde.fr<\/li>\n<li><a href=\"https:\/\/news.google.com\/rss\/articles\/CBMihAJBVV95cUxQVHFSY3pJc0pmOEhRaERaWkFrY0ZOcVlQVXBBeVZhbmVNQnhvVFNWY3ZZS0d6VmhWYXl3NUNRbGtaNGR2NDB5SXhVUmM3OUFaYUZ4RnZrU2dod181VGZBTl90WF85NlMwa3MwVVBMZ01DZ0hMSUhIeGo0ZGJCN1lxWG5ob25vblRFeE9ZbDBSS2lMd1pJdGRXSlRScTlkb2V4Rkt1SmZaSFoxQnVUVXg3bVdVc1pwZ3hNTmdza2RyYndUMHdaTm82TWN6U2p4RUIzRFhOb0FfTmV2bEx1T2NuSGt5cFM2MGVxOXdhVS1ScGhyb2VxdGU1b0phSC15ZzRfZUZKZA?oc=5\" target=\"_blank\" rel=\"noopener\">Les notes des Bleues face au Br\u00e9sil : Boulard, Morland et Bourdon-Sansus ont r\u00e9gal\u00e9 !<\/a>&nbsp;&nbsp;Rugbyrama<\/li>\n<\/ol>\n","protected":false},"excerpt":{"rendered":"Coupe du monde f\u00e9minine de rugby : en vid\u00e9o, la danse des Br\u00e9siliennes et des Bleues dans le&hellip;\n","protected":false},"author":2,"featured_media":357135,"comment_status":"","ping_status":"","sticky":false,"template":"","format":"standard","meta":{"footnotes":""},"categories":[1412],"tags":[13070,1451,1452,1453,1454,1455,1011,27,12042,60],"class_list":{"0":"post-357134","1":"post","2":"type-post","3":"status-publish","4":"format-standard","5":"has-post-thumbnail","7":"category-f1","8":"tag-coupe-du-monde-de-rugby-feminine","9":"tag-f1","10":"tag-formula-1","11":"tag-formula1","12":"tag-formule-1","13":"tag-formule1","14":"tag-fr","15":"tag-france","16":"tag-rugby-feminin","17":"tag-sports"},"share_on_mastodon":{"url":"https:\/\/pubeurope.com\/@fr\/115125745318220755","error":""},"_links":{"self":[{"href":"https:\/\/www.europesays.com\/fr\/wp-json\/wp\/v2\/posts\/357134","targetHints":{"allow":["GET"]}}],"collection":[{"href":"https:\/\/www.europesays.com\/fr\/wp-json\/wp\/v2\/posts"}],"about":[{"href":"https:\/\/www.europesays.com\/fr\/wp-json\/wp\/v2\/types\/post"}],"author":[{"embeddable":true,"href":"https:\/\/www.europesays.com\/fr\/wp-json\/wp\/v2\/users\/2"}],"replies":[{"embeddable":true,"href":"https:\/\/www.europesays.com\/fr\/wp-json\/wp\/v2\/comments?post=357134"}],"version-history":[{"count":0,"href":"https:\/\/www.europesays.com\/fr\/wp-json\/wp\/v2\/posts\/357134\/revisions"}],"wp:featuredmedia":[{"embeddable":true,"href":"https:\/\/www.europesays.com\/fr\/wp-json\/wp\/v2\/media\/357135"}],"wp:attachment":[{"href":"https:\/\/www.europesays.com\/fr\/wp-json\/wp\/v2\/media?parent=357134"}],"wp:term":[{"taxonomy":"category","embeddable":true,"href":"https:\/\/www.europesays.com\/fr\/wp-json\/wp\/v2\/categories?post=357134"},{"taxonomy":"post_tag","embeddable":true,"href":"https:\/\/www.europesays.com\/fr\/wp-json\/wp\/v2\/tags?post=357134"}],"curies":[{"name":"wp","href":"https:\/\/api.w.org\/{rel}","templated":true}]}}