{"id":357140,"date":"2025-08-31T22:37:09","date_gmt":"2025-08-31T22:37:09","guid":{"rendered":"https:\/\/www.europesays.com\/fr\/357140\/"},"modified":"2025-08-31T22:37:09","modified_gmt":"2025-08-31T22:37:09","slug":"julie-gayet-et-francois-hollande-posent-pour-une-jolie-photo-en-plein-festival-le-couple-se-montre-rarement-comme-ca","status":"publish","type":"post","link":"https:\/\/www.europesays.com\/fr\/357140\/","title":{"rendered":"Julie Gayet et Fran\u00e7ois Hollande posent pour une jolie photo en plein festival, le couple se montre rarement comme \u00e7a !"},"content":{"rendered":"<p>La suite apr\u00e8s la publicit\u00e9<\/p>\n<p>On les dit discrets, parfois insaisissables, mais ils ont choisi cette fois d\u2019ouvrir une <strong>fen\u00eatre sur leur intimit\u00e9<\/strong>. Sur une photo en noir et blanc prise cette semaine lors de la 18e \u00e9dition du Festival du Film Francophone d&rsquo;Angoul\u00eame , Julie Gayet appara\u00eet en train d&rsquo;enlacer Fran\u00e7ois Hollande. Un moment tendre et naturel&#8230; Le couple, uni <strong>depuis plus de dix ans<\/strong>, semble savourer chaque instant comme au premier jour. Et pour cause : leur histoire d\u2019amour, n\u00e9e dans la tourmente m\u00e9diatique, a r\u00e9sist\u00e9 aux temp\u00eates et gagn\u00e9 en force.<\/p>\n<p>Leur rencontre remonte \u00e0 2012. Pr\u00e9sent\u00e9s par <a href=\"https:\/\/www.purepeople.com\/people\/thomas-hollande_p551473\" rel=\"nofollow noopener\" target=\"_blank\">Thomas Hollande<\/a>, le fils de l\u2019ancien pr\u00e9sident, ils entament une <strong>relation secr\u00e8te<\/strong>. Mais en janvier 2014, la r\u00e9v\u00e9lation de leur idylle \u00e9clate au grand jour, provoquant un v\u00e9ritable s\u00e9isme politique. \u00c0 l\u2019\u00e9poque, Fran\u00e7ois Hollande \u00e9tait encore officiellement en couple avec Val\u00e9rie Trierweiler. L\u2019affaire fit les gros titres et faillit \u00e9branler durablement leur histoire. Pourtant, <a href=\"https:\/\/www.purepeople.com\/people\/julie-gayet_p323\" rel=\"nofollow noopener\" target=\"_blank\">Julie Gayet<\/a> et lui ont tenu bon.<\/p>\n<p>Depuis, ils <strong>avancent main dans la main<\/strong>, choisissant le plus souvent la discr\u00e9tion. Leur mariage, c\u00e9l\u00e9br\u00e9 en 2022 dans la plus grande intimit\u00e9, a marqu\u00e9 une nouvelle \u00e9tape dans leur relation. Si celui qui est devenu grand-p\u00e8re il y a peu est redevenu d\u00e9put\u00e9 r\u00e9cemment c\u2019est qu\u2019il continue d\u2019occuper la sc\u00e8ne politique. <a href=\"https:\/\/www.purepeople.com\/article\/francois-hollande-et-julie-gayet-rayonnent-cote-a-cote-une-nouvelle-photo-montre-que-le-bonheur-est-toujours-la_a530614\/1\" rel=\"nofollow noopener\" target=\"_blank\">Julie Gayet, de son c\u00f4t\u00e9<\/a>, poursuit son engagement dans le monde du cin\u00e9ma et de la culture. Entre eux, <a href=\"https:\/\/www.purepeople.com\/article\/tout-juste-grand-pere-francois-hollande-savoure-son-bonheur-avec-julie-gayet-et-ses-petits-enfants-au-pied-de-la-tour-eiffel_a539626\/1\" rel=\"nofollow noopener\" target=\"_blank\">l\u2019\u00e9quilibre semble trouv\u00e9<\/a> : <strong>chacun \u00e9volue dans son univers<\/strong>. Mais les deux se retrouvent dans des moments choisis, comme cette photo le symbolise parfaitement.<\/p>\n<p>Un couple complice envers et contre tout<\/p>\n<p>Ce rare clich\u00e9 partag\u00e9 par le compte officiel du <a href=\"https:\/\/www.purepeople.com\/article\/moment-de-fete-et-de-detente-pour-francois-hollande-et-sa-femme-julie-gayet-surpris-en-plein-festival_a539647\/1\" rel=\"nofollow noopener\" target=\"_blank\">Festival d\u2019Angoul\u00eame<\/a> illustre \u00e0 la fois leur <strong>complicit\u00e9 et leur s\u00e9r\u00e9nit\u00e9 retrouv\u00e9e<\/strong>. Julie Gayet, le regard tourn\u00e9 vers l\u2019objectif, rayonne aux c\u00f4t\u00e9s d\u2019un <a href=\"https:\/\/www.purepeople.com\/people\/francois-hollande_p984\" rel=\"nofollow noopener\" target=\"_blank\">Fran\u00e7ois Hollande<\/a> d\u00e9tendu et souriant. Ils apparaissent comme un couple apais\u00e9, loin des pol\u00e9miques pass\u00e9es, savourant une stabilit\u00e9 qui leur a parfois \u00e9chapp\u00e9e. Pr\u00e9sente sur le tapis rouge, ou plut\u00f4t bleu, de la 18e \u00e9dition du Festival du Film Francophone d&rsquo;Angoul\u00eame, Julie Gayet \u00e9tait apparue radieuse dans une robe noire port\u00e9e avec des baskets blanches. Pas de Fran\u00e7ois Hollande \u00e0 l&rsquo;horizon mais l&rsquo;actrice avait notamment pos\u00e9 avec Isabelle Carr\u00e9.<\/p>\n<p>L\u2019image a imm\u00e9diatement fait r\u00e9agir : entre surprise et enthousiasme, les internautes ont salu\u00e9 la beaut\u00e9 et l\u2019\u00e9l\u00e9gance de ce portrait. <strong>\u00ab\u00a0Tr\u00e8s belle photo tr\u00e8s beau couple vous faites des jaloux\u00a0\u00bb<\/strong>, \u00ab\u00a0D\u00e9gagent beaucoup d\u2019amour \u2728\u00a0\u00bb, \u00ab\u00a0Beaut\u00e9 et intelligence, culture et simplicit\u00e9\u2026. Vous avez toute ma sympathie et mon soutien\u2026\u00a0\u00bb peut-on lire. Certains y voient la preuve que le couple, souvent rest\u00e9 en retrait, choisit d\u00e9sormais de montrer davantage sa proximit\u00e9 et son bonheur. Une fa\u00e7on peut-\u00eatre de r\u00e9pondre aux <a href=\"https:\/\/www.purepeople.com\/article\/elle-ne-pensait-peut-etre-pas-que-ca-ressortirait-mais-voici-julie-gayet-dans-des-images-qui-ont-de-quoi-surprendre_a535554\/1\" rel=\"nofollow noopener\" target=\"_blank\">rumeurs persistantes autour de Fran\u00e7ois Hollande<\/a>, notamment sur son \u00e9ventuel retour dans la course pr\u00e9sidentielle de 2027.<\/p>\n<p>Julie Gayet, interrog\u00e9e r\u00e9cemment par Paris Match, reconnaissait que le retour de son mari \u00e0 l\u2019Assembl\u00e9e nationale l\u2019avait \u00ab\u00a0boost\u00e9\u00a0\u00bb. Mais au-del\u00e0 de la politique, ce clich\u00e9 dit l\u2019essentiel. L\u2019ancien pr\u00e9sident et l\u2019actrice devenue productrice partagent <strong>une complicit\u00e9 qui fait plaisir \u00e0 voir<\/strong>. En choisissant de se montrer ainsi, ils offrent un instant de sinc\u00e9rit\u00e9 rare.<\/p>\n","protected":false},"excerpt":{"rendered":"La suite apr\u00e8s la publicit\u00e9 On les dit discrets, parfois insaisissables, mais ils ont choisi cette fois d\u2019ouvrir&hellip;\n","protected":false},"author":2,"featured_media":357141,"comment_status":"","ping_status":"","sticky":false,"template":"","format":"standard","meta":{"footnotes":""},"categories":[1359],"tags":[58,59,1011,27,973],"class_list":{"0":"post-357140","1":"post","2":"type-post","3":"status-publish","4":"format-standard","5":"has-post-thumbnail","7":"category-people","8":"tag-divertissement","9":"tag-entertainment","10":"tag-fr","11":"tag-france","12":"tag-people"},"share_on_mastodon":{"url":"https:\/\/pubeurope.com\/@fr\/115125776719013679","error":""},"_links":{"self":[{"href":"https:\/\/www.europesays.com\/fr\/wp-json\/wp\/v2\/posts\/357140","targetHints":{"allow":["GET"]}}],"collection":[{"href":"https:\/\/www.europesays.com\/fr\/wp-json\/wp\/v2\/posts"}],"about":[{"href":"https:\/\/www.europesays.com\/fr\/wp-json\/wp\/v2\/types\/post"}],"author":[{"embeddable":true,"href":"https:\/\/www.europesays.com\/fr\/wp-json\/wp\/v2\/users\/2"}],"replies":[{"embeddable":true,"href":"https:\/\/www.europesays.com\/fr\/wp-json\/wp\/v2\/comments?post=357140"}],"version-history":[{"count":0,"href":"https:\/\/www.europesays.com\/fr\/wp-json\/wp\/v2\/posts\/357140\/revisions"}],"wp:featuredmedia":[{"embeddable":true,"href":"https:\/\/www.europesays.com\/fr\/wp-json\/wp\/v2\/media\/357141"}],"wp:attachment":[{"href":"https:\/\/www.europesays.com\/fr\/wp-json\/wp\/v2\/media?parent=357140"}],"wp:term":[{"taxonomy":"category","embeddable":true,"href":"https:\/\/www.europesays.com\/fr\/wp-json\/wp\/v2\/categories?post=357140"},{"taxonomy":"post_tag","embeddable":true,"href":"https:\/\/www.europesays.com\/fr\/wp-json\/wp\/v2\/tags?post=357140"}],"curies":[{"name":"wp","href":"https:\/\/api.w.org\/{rel}","templated":true}]}}