{"id":357146,"date":"2025-08-31T22:47:04","date_gmt":"2025-08-31T22:47:04","guid":{"rendered":"https:\/\/www.europesays.com\/fr\/357146\/"},"modified":"2025-08-31T22:47:04","modified_gmt":"2025-08-31T22:47:04","slug":"quand-jimmy-page-legende-vivante-de-led-zeppelin-vient-boire-un-verre-en-dordogne","status":"publish","type":"post","link":"https:\/\/www.europesays.com\/fr\/357146\/","title":{"rendered":"quand Jimmy Page, l\u00e9gende vivante de Led Zeppelin, vient boire un verre en Dordogne"},"content":{"rendered":"<p>Cog\u00e9rant de ce bar \u00e0 cocktails sur la jolie place principale d\u2019Eymet, Th\u00e9o Wilenski raconte\u00a0: \u00ab\u00a0C\u2019\u00e9tait vendredi [NDLR\u00a0: 29\u00a0ao\u00fbt], on avait une r\u00e9servation pour une soixantaine de personnes. J\u2019ai cru r\u00eaver en le reconnaissant,  mais pour en \u00eatre s\u00fbr, j\u2019ai demand\u00e9 confirmation \u00e0 une dame du groupe avec mon anglais approximatif. Il a \u00e9t\u00e9 plus que sympa, il a une aura et une gentillesse incroyables. On a un peu discut\u00e9 et il a tout de suite accept\u00e9 de poser avec moi.\u00a0\u00bb<\/p>\n<p>Pour un mariage<\/p>\n<p>Que faisait donc la star \u00e0 Eymet\u00a0? Soucieux de pr\u00e9server l\u2019intimit\u00e9 de ses h\u00f4tes, Th\u00e9o Wilenski indique\u00a0: \u00ab\u00a0J\u2019ai cru comprendre que tout le monde \u00e9tait r\u00e9uni \u00e0 l\u2019occasion d\u2019un mariage le lendemain.\u00a0\u00bb Il faut dire que la petite bastide du Bergeracois et ses alentours sont tellement pris\u00e9s par les ressortissants britanniques que certains surnomment le coin \u00ab\u00a0le Dordogneshire\u00a0\u00bb ou \u00ab\u00a0le comt\u00e9 de Dordogne\u00a0\u00bb.<\/p>\n<p>\u00c2g\u00e9 de 81 ans, Jimmy Page est consid\u00e9r\u00e9 comme l\u2019un des meilleurs guitaristes de tous les temps. Dans le classement publi\u00e9 en 2011 par le magazine am\u00e9ricain \u00ab\u00a0Rolling Stone\u00a0\u00bb, il se trouve juste derri\u00e8re des ic\u00f4nes telles que Jimi Hendrix et Eric Clapton, et devant Keith Richards des Rolling Stones, Jeff Beck, BB King ou encore Chuck Berry.<\/p>\n","protected":false},"excerpt":{"rendered":"Cog\u00e9rant de ce bar \u00e0 cocktails sur la jolie place principale d\u2019Eymet, Th\u00e9o Wilenski raconte\u00a0: \u00ab\u00a0C\u2019\u00e9tait vendredi [NDLR\u00a0:&hellip;\n","protected":false},"author":2,"featured_media":357147,"comment_status":"","ping_status":"","sticky":false,"template":"","format":"standard","meta":{"footnotes":""},"categories":[1355],"tags":[58,59,1011,27,1361,873],"class_list":{"0":"post-357146","1":"post","2":"type-post","3":"status-publish","4":"format-standard","5":"has-post-thumbnail","7":"category-musique","8":"tag-divertissement","9":"tag-entertainment","10":"tag-fr","11":"tag-france","12":"tag-music","13":"tag-musique"},"share_on_mastodon":{"url":"","error":""},"_links":{"self":[{"href":"https:\/\/www.europesays.com\/fr\/wp-json\/wp\/v2\/posts\/357146","targetHints":{"allow":["GET"]}}],"collection":[{"href":"https:\/\/www.europesays.com\/fr\/wp-json\/wp\/v2\/posts"}],"about":[{"href":"https:\/\/www.europesays.com\/fr\/wp-json\/wp\/v2\/types\/post"}],"author":[{"embeddable":true,"href":"https:\/\/www.europesays.com\/fr\/wp-json\/wp\/v2\/users\/2"}],"replies":[{"embeddable":true,"href":"https:\/\/www.europesays.com\/fr\/wp-json\/wp\/v2\/comments?post=357146"}],"version-history":[{"count":0,"href":"https:\/\/www.europesays.com\/fr\/wp-json\/wp\/v2\/posts\/357146\/revisions"}],"wp:featuredmedia":[{"embeddable":true,"href":"https:\/\/www.europesays.com\/fr\/wp-json\/wp\/v2\/media\/357147"}],"wp:attachment":[{"href":"https:\/\/www.europesays.com\/fr\/wp-json\/wp\/v2\/media?parent=357146"}],"wp:term":[{"taxonomy":"category","embeddable":true,"href":"https:\/\/www.europesays.com\/fr\/wp-json\/wp\/v2\/categories?post=357146"},{"taxonomy":"post_tag","embeddable":true,"href":"https:\/\/www.europesays.com\/fr\/wp-json\/wp\/v2\/tags?post=357146"}],"curies":[{"name":"wp","href":"https:\/\/api.w.org\/{rel}","templated":true}]}}