{"id":357148,"date":"2025-08-31T22:48:17","date_gmt":"2025-08-31T22:48:17","guid":{"rendered":"https:\/\/www.europesays.com\/fr\/357148\/"},"modified":"2025-08-31T22:48:17","modified_gmt":"2025-08-31T22:48:17","slug":"world-of-frozen-a-disneyland-paris-ouverture-confirmee-pour-le-printemps-2026","status":"publish","type":"post","link":"https:\/\/www.europesays.com\/fr\/357148\/","title":{"rendered":"World of Frozen \u00e0 Disneyland Paris : ouverture confirm\u00e9e pour le printemps 2026"},"content":{"rendered":"<p style=\"text-align: justify;\">L\u2019univers de <strong>Disney<\/strong> continue de s\u2019\u00e9tendre en Europe avec une annonce qui ravira les amateurs de contes enneig\u00e9s. Lors de la convention<strong> Destination D23<\/strong>, tenue fin ao\u00fbt 2025 \u00e0 <strong>Walt Disney World Resort<\/strong> en Floride, les responsables de <strong>Disney<\/strong> ont r\u00e9v\u00e9l\u00e9 que la zone th\u00e9matique<strong> World of Frozen<\/strong> ouvrirait ses portes au printemps 2026 dans ce qui est encore aujourd\u2019hui le parc <strong>Walt Disney Studios<\/strong>, \u00e0 <strong>Disneyland Paris<\/strong>. Ce projet, attendu depuis plusieurs ann\u00e9es, marque une \u00e9tape majeure dans la transformation du site, qui sera rebaptis\u00e9 <strong>Disney Adventure World<\/strong> \u00e0 cette occasion. Sans date pr\u00e9cise pour l\u2019instant, l\u2019ouverture co\u00efncidera avec celle d\u2019autres extensions, promettant une immersion accrue dans les mondes imaginaires de la firme aux grandes oreilles.<\/p>\n<p>Un royaume de glace au c\u0153ur de l\u2019Europe<\/p>\n<p style=\"text-align: justify;\">Inspir\u00e9e du succ\u00e8s du film <strong>La Reine des Neiges<\/strong>\u00a0et de sa suite, la zone <strong>World of Frozen<\/strong> transportera les visiteurs au royaume d\u2019Arendelle, avec ses fjords escarp\u00e9s et son architecture nordique. Au centre de cette enclave, le <a href=\"https:\/\/www.disneyphile.fr\/la-construction-du-palais-de-glace-delsa-deja-presque-achevee-a-disneyland-paris\/\" target=\"_blank\" rel=\"noopener\">Palais de Glace d\u2019Elsa<\/a> tr\u00f4nera au sommet de la Montagne du Nord, une structure imposante culminant \u00e0 pr\u00e8s de 40 m\u00e8tres de hauteur. Construite \u00e0 partir de pr\u00e8s de 400 tonnes d\u2019acier et recouverte d\u2019un b\u00e9ton sculpt\u00e9 \u00e0 la main pour imiter la neige et la glace, cette montagne symbolise l\u2019ambition technique du projet. Les<strong> Imagineers<\/strong> de <strong>Disney<\/strong> ont veill\u00e9 \u00e0 recr\u00e9er fid\u00e8lement l\u2019atmosph\u00e8re du film, en int\u00e9grant des \u00e9l\u00e9ments comme des villages aux toits pointus et des ponts pittoresques.<\/p>\n<p><a href=\"https:\/\/www.disneyphile.fr\/wp-content\/uploads\/2025\/08\/world-of-frozen-printemps-2026.jpg\" target=\"_blank\" rel=\"noopener\"><img loading=\"lazy\" decoding=\"async\" class=\"wp-image-149250\" data-pagespeed-lazy-src=\"https:\/\/www.disneyphile.fr\/wp-content\/uploads\/2025\/08\/world-of-frozen-printemps-2026.jpg\" alt=\"\" width=\"400\" height=\"600\" data-pagespeed-lazy-  src=\"\/pagespeed_static\/1.JiBnMqyl6S.gif\" onload=\"pagespeed.lazyLoadImages.loadIfVisibleAndMaybeBeacon(this);\" onerror=\"this.onerror=null;pagespeed.lazyLoadImages.loadIfVisibleAndMaybeBeacon(this);\"\/><\/a>31 ao\u00fbt 2025 \u2013 Cr\u00e9dit : Disneyphile<\/p>\n<p style=\"text-align: justify;\">L\u2019attraction phare, <strong>Frozen Ever After<\/strong>, invitera les familles \u00e0 une balade en bateau \u00e0 travers les aventures d\u2019Anna et Elsa, avec des animatroniques de pointe et des effets sp\u00e9ciaux aquatiques. Des exp\u00e9riences de shopping th\u00e9matique, des restaurants inspir\u00e9s de la cuisine scandinave et des rencontres avec les personnages embl\u00e9matiques \u2013 dont les s\u0153urs royales \u2013 compl\u00e8teront l\u2019offre. Cette zone, d\u00e9j\u00e0 pr\u00e9sente \u00e0 <strong>Hong Kong Disneyland<\/strong> et (sous une autre forme) \u00e0<strong> Tokyo DisneySea<\/strong>, s\u2019adapte ici au contexte europ\u00e9en, avec des clins d\u2019\u0153il \u00e0 la culture norv\u00e9gienne qui a inspir\u00e9 l\u2019\u0153uvre originale.<\/p>\n<p>La renaissance d\u2019un Parc : des Walt Disney Studios \u00e0 Disney Adventure World<\/p>\n<p style=\"text-align: justify;\">L\u2019arriv\u00e9e de <strong>World of Frozen<\/strong> n\u2019est pas un ajout isol\u00e9 ; elle s\u2019inscrit dans une refonte globale du second parc de <strong>Disneyland Paris<\/strong>. Lanc\u00e9e en 2018, cette expansion vise \u00e0 effacer l\u2019image d\u2019un site autrefois critiqu\u00e9 pour son manque d\u2019immersion, en le transformant en un espace d\u00e9di\u00e9 \u00e0 l\u2019aventure. Le renommage en <strong>Disney Adventure World<\/strong>, effectif au printemps 2026, refl\u00e8te cette \u00e9volution : exit les r\u00e9f\u00e9rences aux coulisses du cin\u00e9ma ou de la t\u00e9l\u00e9vision, place \u00e0 des mondes narratifs plus vastes et plus ou moins intererconnect\u00e9s.<\/p>\n<p><a href=\"https:\/\/www.disneyphile.fr\/wp-content\/uploads\/2025\/08\/world-of-frozen-printemps-2026-01.jpg\" target=\"_blank\" rel=\"noopener\"><img loading=\"lazy\" decoding=\"async\" class=\"wp-image-149248\" data-pagespeed-lazy-src=\"https:\/\/www.disneyphile.fr\/wp-content\/uploads\/2025\/08\/world-of-frozen-printemps-2026-01.jpg\" alt=\"world of frozen printemps 2026\" width=\"400\" height=\"261\" data-pagespeed-lazy-  src=\"\/pagespeed_static\/1.JiBnMqyl6S.gif\" onload=\"pagespeed.lazyLoadImages.loadIfVisibleAndMaybeBeacon(this);\" onerror=\"this.onerror=null;pagespeed.lazyLoadImages.loadIfVisibleAndMaybeBeacon(this);\"\/><\/a>Courtoisie de Disney<\/p>\n<p style=\"text-align: justify;\">Parmi les nouveaut\u00e9s qui ouvriront en m\u00eame temps, <strong>Adventure Way<\/strong> et <strong>Adventure Bay<\/strong> se distinguent. La premi\u00e8re est une promenade verdoyante bord\u00e9e de jardins th\u00e9matiques, tandis que la seconde centrera autour d\u2019un immense lac artificiel de plusieurs hectares, con\u00e7u comme un hub pour des spectacles nocturnes innovants. Ce plan d\u2019eau, entour\u00e9 de rives am\u00e9nag\u00e9es, accueillera un show m\u00ealant projections sur \u00e9crans d\u2019eau, fontaines synchronis\u00e9es, effets pyrotechniques et, pour la premi\u00e8re fois, des drones aquatiques d\u00e9velopp\u00e9s en partenariat avec une entreprise fran\u00e7aise. Ces \u00e9l\u00e9ments visent \u00e0 prolonger l\u2019exp\u00e9rience des visiteurs bien au-del\u00e0 des attractions diurnes, en cr\u00e9ant des moments magiques \u00e0 la tomb\u00e9e de la nuit.<\/p>\n<p>Coulisses r\u00e9v\u00e9l\u00e9es : la vid\u00e9o time-lapse du Palais d\u2019Elsa<\/p>\n<p style=\"text-align: justify;\">Pour marquer l\u2019annonce, <strong>Walt Disney Imagineering<\/strong> a partag\u00e9 une vid\u00e9o en time-lapse captivante lors du panel d\u00e9di\u00e9 aux ch\u00e2teaux <strong>Disney<\/strong> \u00e0<strong> Destination D23<\/strong>. Ce montage acc\u00e9l\u00e9r\u00e9 illustre l\u2019assemblage du d\u00e9cor du Palais de Glace d\u2019Elsa, depuis les fondations m\u00e9talliques jusqu\u2019\u00e0 l\u2019installation des \u00e9l\u00e9ments cristallins au sommet de la Montagne du Nord. Film\u00e9e sur plusieurs mois, elle met en lumi\u00e8re le travail minutieux des \u00e9quipes, qui ont int\u00e9gr\u00e9 des d\u00e9tails comme des textures gel\u00e9es et des illuminations LED pour un rendu f\u00e9erique, m\u00eame de jour.<\/p>\n<blockquote class=\"instagram-media\" style=\"background: #FFF; border: 0; border-radius: 3px; box-shadow: 0 0 1px 0 rgba(0,0,0,0.5),0 1px 10px 0 rgba(0,0,0,0.15); margin: 1px; max-width: 540px; min-width: 326px; padding: 0; width: calc(100% - 2px);\" data-instgrm-captioned=\"\" data-instgrm-permalink=\"https:\/\/www.instagram.com\/reel\/DOB_ZoUAALu\/?utm_source=ig_embed&amp;utm_campaign=loading\" data-instgrm-version=\"14\">\n<\/blockquote>\n<p style=\"text-align: justify;\">Cette r\u00e9v\u00e9lation n\u2019est pas anodine : elle offre un aper\u00e7u rare des coulisses, soulignant les d\u00e9fis techniques d\u2019un tel chantier. La montagne, par exemple, a \u00e9t\u00e9 test\u00e9e pour r\u00e9sister aux intemp\u00e9ries europ\u00e9ennes, tandis que <a href=\"https:\/\/www.disneyphile.fr\/walt-disney-imagineering-a-procede-a-la-mise-en-eau-du-canal-de-world-of-frozen-a-disneyland-paris\/\" target=\"_blank\" rel=\"noopener\">l\u2019eau du canal de <strong>Frozen Ever After<\/strong> a \u00e9t\u00e9 symboliquement puis\u00e9e dans d\u2019autres attractions<\/a> similaires \u00e0 travers le monde, ainsi qu\u2019en Norv\u00e8ge. Un geste qui renforce le lien narratif entre les parcs <strong>Disney<\/strong> globaux.<\/p>\n<p>Impacts et attentes pour les visiteurs<\/p>\n<p style=\"text-align: justify;\">Avec cette ouverture, <strong>Disneyland Paris<\/strong> esp\u00e8re booster sa fr\u00e9quentation, d\u00e9j\u00e0 en hausse gr\u00e2ce \u00e0 des investissements massifs \u2013 estim\u00e9s \u00e0 plus de deux milliards d\u2019euros pour l\u2019ensemble de l\u2019extension. Les familles, cible principale, trouveront dans <strong>World of Frozen<\/strong> un espace inclusif, adapt\u00e9 aux plus jeunes avec ses attractions douces et ses zones ombrag\u00e9es. Mais l\u2019enjeu va plus loin : en synchronisant l\u2019inauguration avec celle d\u2019<strong>Adventure Bay<\/strong>, <strong>Disney<\/strong> cr\u00e9e un \u00e9cosyst\u00e8me coh\u00e9rent et fera \u00e0 coup s\u00fbr un gros coup marketing.<\/p>\n<p style=\"text-align: justify;\">Pour l\u2019instant, aucune date exacte n\u2019a filtr\u00e9, mais les fans sont invit\u00e9s \u00e0 surveiller les canaux officiels pour des mises \u00e0 jour.<\/p>\n<p><a href=\"https:\/\/www.disneyphile.fr\/wp-content\/uploads\/2025\/08\/world-of-frozen-printemps-2026-02.jpg\" target=\"_blank\" rel=\"noopener\"><img loading=\"lazy\" decoding=\"async\" class=\"wp-image-149249\" data-pagespeed-lazy-src=\"https:\/\/www.disneyphile.fr\/wp-content\/uploads\/2025\/08\/world-of-frozen-printemps-2026-02.jpg\" alt=\"\" width=\"400\" height=\"266\" data-pagespeed-lazy-  src=\"\/pagespeed_static\/1.JiBnMqyl6S.gif\" onload=\"pagespeed.lazyLoadImages.loadIfVisibleAndMaybeBeacon(this);\" onerror=\"this.onerror=null;pagespeed.lazyLoadImages.loadIfVisibleAndMaybeBeacon(this);\"\/><\/a>Courtoisie de Disney<\/p>\n<p style=\"text-align: justify;\">Au-del\u00e0 de 2026, l\u2019avenir s\u2019annonce radieux pour <strong>Disneyland Paris<\/strong>. L\u2019annonce d\u2019une zone d\u00e9di\u00e9e au film <strong>Le Roi Lion<\/strong>*, avec une attraction immersive dans la savane africaine, suivra de pr\u00e8s <strong>World of Frozen<\/strong>. Ces d\u00e9veloppements, fruits d\u2019une collaboration entre Imagineers am\u00e9ricains et europ\u00e9ens, permettront au Resort de garder une position de leader dans le tourisme continental, alors que la concurrence est de plus en plus accrue. Reste \u00e0 voir comment ces ajouts influenceront l\u2019\u00e9quilibre entre tradition et innovation, mais une chose est certaine : l\u2019aventure ne fait que commencer.<\/p>\n<p>\u00a9 Disneyphile 2025 \/ Tous droits r\u00e9serv\u00e9s \/ Reproduction interdite<\/p>\n<p><script async src=\"\/\/www.instagram.com\/embed.js\"><\/script><\/p>\n","protected":false},"excerpt":{"rendered":"L\u2019univers de Disney continue de s\u2019\u00e9tendre en Europe avec une annonce qui ravira les amateurs de contes enneig\u00e9s.&hellip;\n","protected":false},"author":2,"featured_media":357149,"comment_status":"","ping_status":"","sticky":false,"template":"","format":"standard","meta":{"footnotes":""},"categories":[1354],"tags":[49283,4906,58,59,1346,1011,27,1360],"class_list":{"0":"post-357148","1":"post","2":"type-post","3":"status-publish","4":"format-standard","5":"has-post-thumbnail","7":"category-films","8":"tag-disney-adventure-world","9":"tag-disneyland-paris","10":"tag-divertissement","11":"tag-entertainment","12":"tag-films","13":"tag-fr","14":"tag-france","15":"tag-movies"},"share_on_mastodon":{"url":"https:\/\/pubeurope.com\/@fr\/115125820682025803","error":""},"_links":{"self":[{"href":"https:\/\/www.europesays.com\/fr\/wp-json\/wp\/v2\/posts\/357148","targetHints":{"allow":["GET"]}}],"collection":[{"href":"https:\/\/www.europesays.com\/fr\/wp-json\/wp\/v2\/posts"}],"about":[{"href":"https:\/\/www.europesays.com\/fr\/wp-json\/wp\/v2\/types\/post"}],"author":[{"embeddable":true,"href":"https:\/\/www.europesays.com\/fr\/wp-json\/wp\/v2\/users\/2"}],"replies":[{"embeddable":true,"href":"https:\/\/www.europesays.com\/fr\/wp-json\/wp\/v2\/comments?post=357148"}],"version-history":[{"count":0,"href":"https:\/\/www.europesays.com\/fr\/wp-json\/wp\/v2\/posts\/357148\/revisions"}],"wp:featuredmedia":[{"embeddable":true,"href":"https:\/\/www.europesays.com\/fr\/wp-json\/wp\/v2\/media\/357149"}],"wp:attachment":[{"href":"https:\/\/www.europesays.com\/fr\/wp-json\/wp\/v2\/media?parent=357148"}],"wp:term":[{"taxonomy":"category","embeddable":true,"href":"https:\/\/www.europesays.com\/fr\/wp-json\/wp\/v2\/categories?post=357148"},{"taxonomy":"post_tag","embeddable":true,"href":"https:\/\/www.europesays.com\/fr\/wp-json\/wp\/v2\/tags?post=357148"}],"curies":[{"name":"wp","href":"https:\/\/api.w.org\/{rel}","templated":true}]}}