{"id":357154,"date":"2025-08-31T22:51:10","date_gmt":"2025-08-31T22:51:10","guid":{"rendered":"https:\/\/www.europesays.com\/fr\/357154\/"},"modified":"2025-08-31T22:51:10","modified_gmt":"2025-08-31T22:51:10","slug":"television-florent-pagny-evoque-son-besoin-de-retour-aux-sources-en-bourgogne","status":"publish","type":"post","link":"https:\/\/www.europesays.com\/fr\/357154\/","title":{"rendered":"T\u00e9l\u00e9vision. Florent Pagny \u00e9voque son besoin \u00ab\u00a0de retour aux sources\u00a0\u00bb en Bourgogne"},"content":{"rendered":"<p>Ce dimanche 31\u00a0ao\u00fbt, l\u2019\u00e9mission Sept \u00e0 Huit sur TF1 consacrait un reportage \u00e0 Florent Pagny, qui ouvrait les portes de sa nouvelle maison bourguignonne <a href=\"https:\/\/www.lejsl.com\/economie\/2025\/02\/13\/le-chanteur-chalonnais-florent-pagny-s-offre-une-propriete-en-cote-d-or\" target=\"_blank\" rel=\"nofollow noopener\">achet\u00e9e en d\u00e9but d\u2019ann\u00e9e \u00e0 \u00c9chevannes<\/a> , \u00e0 une trentaine de kilom\u00e8tres au nord de Dijon.<\/p>\n<p>\u00ab\u00a0Pourquoi ici\u00a0?\u00a0\u00bb l\u2019interrogeait Audrey Crespo-Mara. La r\u00e9ponse fusait\u00a0: \u00ab\u00a0Je suis Bourguignon, je suis n\u00e9 \u00e0 Chalon-sur-Sa\u00f4ne \u00e0 moins de 100\u00a0kilom\u00e8tres d\u2019ici, et je suis dans une phase de retour aux sources\u00a0\u00bb, expliquait l\u2019artiste qui, bien qu\u2019il ait quitt\u00e9 la Bourgogne vers 10-11 ans, assure \u00ab\u00a0se sentir chez [lui]\u00a0\u00bb dans la r\u00e9gion.<\/p>\n<p>Florent Pagny a aussi ironis\u00e9 sur sa demeure qui a pu devenir \u00ab\u00a0une visite du dimanche\u00a0\u00bb depuis son rachat. \u00ab\u00a0On est des gens normaux et quand on va faire nos courses, cela se sait tr\u00e8s vite.\u00a0\u00bb Mais ces curieux ne semblent pas v\u00e9ritablement g\u00eaner le chanteur et sa famille.<\/p>\n<p>  \u00ab\u00a0Je vais bien\u00a0\u00bb<\/p>\n<p>Florent Pagny a aussi \u00e9voqu\u00e9 son \u00e9tat de sant\u00e9. \u00ab\u00a0Je n\u2019y pense que la veille de mes visites de contr\u00f4le,\u00a0\u00bb assure-t-il, expliquant \u00ab\u00a0aller bien\u00a0\u00bb. Il indique m\u00eame que sa voix va mieux depuis qu\u2019il a cess\u00e9 de fumer. Une bonne nouvelle que ses fans appr\u00e9cieront, eux qui se sont ru\u00e9s sur les places de la prochaine tourn\u00e9e. \u00ab\u00a0D\u2019habitude, il faut un an pour remplir toutes les dates d\u2019une tourn\u00e9e, l\u00e0, je les ai vendues en quatre jours.\u00a0\u00bb \u00ab\u00a0C\u2019est le coup du mort-vivant\u00a0\u00bb, sourit-il en expliquant n\u2019avoir jamais dout\u00e9 de sa gu\u00e9rison.<\/p>\n<p>Enfin, le chanteur a \u00e9voqu\u00e9 son nouvel album, Grandeur Nature , ainsi que ses projets d\u2019avenir qui le conduiront toujours de son domicile pr\u00e8s de Paris, \u00e0 des week-ends en Bourgogne et l\u2019hiver en Patagonie.<\/p>\n","protected":false},"excerpt":{"rendered":"Ce dimanche 31\u00a0ao\u00fbt, l\u2019\u00e9mission Sept \u00e0 Huit sur TF1 consacrait un reportage \u00e0 Florent Pagny, qui ouvrait les&hellip;\n","protected":false},"author":2,"featured_media":357155,"comment_status":"","ping_status":"","sticky":false,"template":"","format":"standard","meta":{"footnotes":""},"categories":[8],"tags":[1687,58,59,107,1011,27,6003,104,2205],"class_list":{"0":"post-357154","1":"post","2":"type-post","3":"status-publish","4":"format-standard","5":"has-post-thumbnail","7":"category-divertissement","8":"tag-culture-loisirs","9":"tag-divertissement","10":"tag-entertainment","11":"tag-fil-info","12":"tag-fr","13":"tag-france","14":"tag-saone-et-loire","15":"tag-societe","16":"tag-television-medias"},"share_on_mastodon":{"url":"https:\/\/pubeurope.com\/@fr\/115125831836401805","error":""},"_links":{"self":[{"href":"https:\/\/www.europesays.com\/fr\/wp-json\/wp\/v2\/posts\/357154","targetHints":{"allow":["GET"]}}],"collection":[{"href":"https:\/\/www.europesays.com\/fr\/wp-json\/wp\/v2\/posts"}],"about":[{"href":"https:\/\/www.europesays.com\/fr\/wp-json\/wp\/v2\/types\/post"}],"author":[{"embeddable":true,"href":"https:\/\/www.europesays.com\/fr\/wp-json\/wp\/v2\/users\/2"}],"replies":[{"embeddable":true,"href":"https:\/\/www.europesays.com\/fr\/wp-json\/wp\/v2\/comments?post=357154"}],"version-history":[{"count":0,"href":"https:\/\/www.europesays.com\/fr\/wp-json\/wp\/v2\/posts\/357154\/revisions"}],"wp:featuredmedia":[{"embeddable":true,"href":"https:\/\/www.europesays.com\/fr\/wp-json\/wp\/v2\/media\/357155"}],"wp:attachment":[{"href":"https:\/\/www.europesays.com\/fr\/wp-json\/wp\/v2\/media?parent=357154"}],"wp:term":[{"taxonomy":"category","embeddable":true,"href":"https:\/\/www.europesays.com\/fr\/wp-json\/wp\/v2\/categories?post=357154"},{"taxonomy":"post_tag","embeddable":true,"href":"https:\/\/www.europesays.com\/fr\/wp-json\/wp\/v2\/tags?post=357154"}],"curies":[{"name":"wp","href":"https:\/\/api.w.org\/{rel}","templated":true}]}}