{"id":357156,"date":"2025-08-31T22:52:09","date_gmt":"2025-08-31T22:52:09","guid":{"rendered":"https:\/\/www.europesays.com\/fr\/357156\/"},"modified":"2025-08-31T22:52:09","modified_gmt":"2025-08-31T22:52:09","slug":"des-chercheurs-annoncent-une-grande-fatigue-ces-prochains-jours","status":"publish","type":"post","link":"https:\/\/www.europesays.com\/fr\/357156\/","title":{"rendered":"des chercheurs annoncent une grande fatigue ces prochains jours"},"content":{"rendered":"<p>\n                Mauvaise nouvelle pour le sommeil des Fran\u00e7ais.            <\/p>\n<p>Le <a href=\"https:\/\/sante.journaldesfemmes.fr\/fiches-sante-du-quotidien\/2624657-sommeil-conseils-bien-dormir-nuit-medicament-solutions-naturelles\/\" title=\"Sommeil\" rel=\"nofollow noopener\" target=\"_blank\">sommeil<\/a> est une chose si fragile qu&rsquo;il suffit d&rsquo;une petite perturbation, comme un coup de stress, un rai de lumi\u00e8re ou un petit bruit, pour en alt\u00e9rer la qualit\u00e9 et provoquer une <a href=\"https:\/\/sante.journaldesfemmes.fr\/fiches-sante-du-quotidien\/2709286-syndrome-fatigue-chronique-traitements-test\/\" title=\"Fatigue chronique\" rel=\"nofollow noopener\" target=\"_blank\">fatigue chronique<\/a>. Mauvaise nouvelle : des chercheurs pr\u00e9voient une baisse drastique du temps de sommeil profond &#8211; le plus r\u00e9parateur &#8211; ces prochains jours. Mais pourquoi ?\u00a0<\/p>\n<p>Pour parvenir \u00e0 cette conclusion, les chercheurs de l&rsquo;Universit\u00e9 de B\u00e2le en Suisse ont analys\u00e9 le sommeil de 33 volontaires pendant plusieurs mois dans un laboratoire sp\u00e9cialis\u00e9. Ils ont mesur\u00e9 la qualit\u00e9 du sommeil \u00e0 l&rsquo;aide d&rsquo;un\u00a0<a href=\"https:\/\/sante.journaldesfemmes.fr\/fiches-anatomie-et-examens\/2845972-eeg-indications-resultats-normal-anormal\/\" title=\"EEG\" rel=\"nofollow noopener\" target=\"_blank\">\u00e9lectroenc\u00e9phalographie<\/a> (EEG),\u00a0permettant d&rsquo;enregistrer l&rsquo;activit\u00e9 \u00e9lectrique du cerveau et de d\u00e9terminer pr\u00e9cis\u00e9ment la quantit\u00e9 de sommeil profond par nuit. Ils se sont aper\u00e7us que la quantit\u00e9 de sommeil profond baissait en moyenne de 30% autour de la Pleine Lune (jusqu&rsquo;\u00e0 5 jours avant et 3 jours apr\u00e8s). Ils ont \u00e9galement not\u00e9 un allongement du temps d&rsquo;endormissement de 5 minutes et une r\u00e9duction du temps de sommeil total de 20 minutes pendant cette p\u00e9riode.\u00a0<\/p>\n<p>La prochaine Pleine Lune aura lieu le 7 septembre prochain. Votre sommeil profond devrait \u00eatre particuli\u00e8rement r\u00e9duit entre le mardi 2 septembre et le mercredi 10 septembre. Si vous avez l&rsquo;habitude d&rsquo;avoir 1h30\u00a0de sommeil profond, vous n&rsquo;en aurez qu&rsquo;1\u00a0heure, donc vous r\u00e9cup\u00e9rerez\u00a0moins.\u00a0Les chercheurs n&rsquo;ont pas encore d&rsquo;explication unique et d\u00e9finitive mais avancent plusieurs hypoth\u00e8ses pour expliquer ce ph\u00e9nom\u00e8ne.\u00a0\u00ab\u00a0L&rsquo;id\u00e9e la plus simple est que la Pleine Lune, plus lumineuse que les autres phases lunaires, affecte nos hormones et r\u00e9duit la production de m\u00e9latonine, l&rsquo;hormone du sommeil\u00a0\u00bb, expliquent-ils dans la revue scientifique\u00a0<a href=\"https:\/\/www.sciencedirect.com\/science\/article\/pii\/S0960982213007549\" target=\"_blank\" rel=\"nofollow noopener\">Current Biology<\/a>.\u00a0Ils pensent aussi que cela pourrait \u00eatre d\u00fb \u00e0 une horloge biologique interne, un h\u00e9ritage de nos anc\u00eatres qui restaient plus actifs les nuits de Pleine Lune.<\/p>\n<p>Pour \u00e9viter de mal dormir pendant cette p\u00e9riode, prenez\u00a0certaines mesures maintenant qui vont\u00a0optimiser votre sommeil : obscurcissez votre chambre autant que possible (rideaux occultants, stores ou masque de sommeil pour bloquer la lumi\u00e8re de la lune), maintenez une routine de sommeil stricte (se coucher et se lever \u00e0 la m\u00eame heure, m\u00eame le week-end), assurez-vous que votre chambre soit silencieuse (bouchons d&rsquo;oreilles), confortable (bonne literie) et fra\u00eeche, et \u00e9vitez les d\u00eeners lourds, gras ou \u00e9pic\u00e9s.\u00a0<\/p>\n","protected":false},"excerpt":{"rendered":"Mauvaise nouvelle pour le sommeil des Fran\u00e7ais. Le sommeil est une chose si fragile qu&rsquo;il suffit d&rsquo;une petite&hellip;\n","protected":false},"author":2,"featured_media":357157,"comment_status":"","ping_status":"","sticky":false,"template":"","format":"standard","meta":{"footnotes":""},"categories":[7],"tags":[1011,27,43,40,41,39,42,44],"class_list":{"0":"post-357156","1":"post","2":"type-post","3":"status-publish","4":"format-standard","5":"has-post-thumbnail","7":"category-sciences-et-technologies","8":"tag-fr","9":"tag-france","10":"tag-science","11":"tag-science-and-technology","12":"tag-sciences","13":"tag-sciences-et-technologies","14":"tag-technologies","15":"tag-technology"},"share_on_mastodon":{"url":"","error":""},"_links":{"self":[{"href":"https:\/\/www.europesays.com\/fr\/wp-json\/wp\/v2\/posts\/357156","targetHints":{"allow":["GET"]}}],"collection":[{"href":"https:\/\/www.europesays.com\/fr\/wp-json\/wp\/v2\/posts"}],"about":[{"href":"https:\/\/www.europesays.com\/fr\/wp-json\/wp\/v2\/types\/post"}],"author":[{"embeddable":true,"href":"https:\/\/www.europesays.com\/fr\/wp-json\/wp\/v2\/users\/2"}],"replies":[{"embeddable":true,"href":"https:\/\/www.europesays.com\/fr\/wp-json\/wp\/v2\/comments?post=357156"}],"version-history":[{"count":0,"href":"https:\/\/www.europesays.com\/fr\/wp-json\/wp\/v2\/posts\/357156\/revisions"}],"wp:featuredmedia":[{"embeddable":true,"href":"https:\/\/www.europesays.com\/fr\/wp-json\/wp\/v2\/media\/357157"}],"wp:attachment":[{"href":"https:\/\/www.europesays.com\/fr\/wp-json\/wp\/v2\/media?parent=357156"}],"wp:term":[{"taxonomy":"category","embeddable":true,"href":"https:\/\/www.europesays.com\/fr\/wp-json\/wp\/v2\/categories?post=357156"},{"taxonomy":"post_tag","embeddable":true,"href":"https:\/\/www.europesays.com\/fr\/wp-json\/wp\/v2\/tags?post=357156"}],"curies":[{"name":"wp","href":"https:\/\/api.w.org\/{rel}","templated":true}]}}