{"id":357158,"date":"2025-08-31T22:53:12","date_gmt":"2025-08-31T22:53:12","guid":{"rendered":"https:\/\/www.europesays.com\/fr\/357158\/"},"modified":"2025-08-31T22:53:12","modified_gmt":"2025-08-31T22:53:12","slug":"bourses-scolaires-arret-maladie-retraite-et-prix-du-gaz-ce-qui-change-au-1er-septembre-2025","status":"publish","type":"post","link":"https:\/\/www.europesays.com\/fr\/357158\/","title":{"rendered":"Bourses scolaires, arr\u00eat maladie, retraite et prix du gaz&#8230; Ce qui change au 1er septembre 2025"},"content":{"rendered":"<p>Bourses scolaires, prix du gaz, retraite progressive, arr\u00eats maladie ou encore d\u00e9pistage n\u00e9onatal : plusieurs nouveaut\u00e9s entrent en vigueur ce lundi 1er septembre 2025. Tour d\u2019horizon de ce qui change \u00e0 la rentr\u00e9e.<\/p>\n<p>\u00c0 l\u2019occasion de la rentr\u00e9e, plusieurs nouveaut\u00e9s entrent en vigueur d\u00e8s ce 1er septembre 2025. Demandes de bourses pour coll\u00e9giens et lyc\u00e9ens, \u00e9largissement du d\u00e9pistage n\u00e9onatal, nouveau calcul pour l\u2019aide \u00e0 la garde d\u2019enfants, formulaire s\u00e9curis\u00e9 d\u2019arr\u00eat de travail, baisse du prix du gaz ou encore retraite progressive \u00e0 60 ans : voici les principales mesures \u00e0 retenir.<\/p>\n<p><strong>Bourses scolaires<\/strong><\/p>\n<p>La campagne 2025-2026 de bourses de coll\u00e8ge et de lyc\u00e9e d\u00e9bute ce 1er septembre et se poursuit jusqu\u2019au 16 octobre.<br \/>\u2013 Coll\u00e8ge : entre 120 et 516 \u20ac par enfant et par an.<br \/>\u2013 Lyc\u00e9e : entre 495 et 1 053 \u20ac par an selon les ressources et le nombre d\u2019enfants \u00e0 charge.<\/p>\n<p>    La suite apr\u00e8s cette publicit\u00e9<\/p>\n<p><strong>Pause num\u00e9rique et nouveaux programmes<\/strong><\/p>\n<p>La rentr\u00e9e scolaire s\u2019accompagne de la g\u00e9n\u00e9ralisation de l\u2019interdiction du t\u00e9l\u00e9phone portable au coll\u00e8ge, via la \u00ab pause num\u00e9rique \u00bb. Les ENT et logiciels comme Pronote ne seront plus accessibles entre 20 h et 7 h, ni le week-end. Nouveaux programmes de fran\u00e7ais et de math\u00e9matiques pour les \u00e9l\u00e8ves de la maternelle \u00e0 la 6e.<\/p>\n<p>    La suite apr\u00e8s cette publicit\u00e9<\/p>\n<p><strong>\u00c9ducation \u00e0 la vie affective et sexuelle<\/strong><\/p>\n<p>Le programme Evars entre en vigueur : trois s\u00e9ances annuelles obligatoires dans toutes les \u00e9coles, coll\u00e8ges et lyc\u00e9es, publics et priv\u00e9s sous contrat.<\/p>\n<p><strong>Compl\u00e9ment de libre choix du mode de garde (CMG)<\/strong><\/p>\n<p>L\u2019aide est d\u00e9sormais vers\u00e9e jusqu\u2019aux 12 ans des enfants dans les familles monoparentales. Elle \u00e9volue aussi pour les foyers modestes d\u00e9j\u00e0 b\u00e9n\u00e9ficiaires. Versement automatique, sans d\u00e9marche \u00e0 effectuer.<\/p>\n<p>    La suite apr\u00e8s cette publicit\u00e9<\/p>\n<p>    La suite apr\u00e8s cette publicit\u00e9<\/p>\n<p><strong>Arr\u00eat maladie<\/strong><\/p>\n<p>\u00c0 compter du 1er septembre, les arr\u00eats de travail papier non s\u00e9curis\u00e9s sont refus\u00e9s. Un nouveau formulaire Cerfa \u00e0 sept points d\u2019authentification devient obligatoire pour limiter les fraudes.<\/p>\n<p><strong>Prix du gaz<\/strong><\/p>\n<p>La Commission de r\u00e9gulation de l\u2019\u00e9nergie annonce une nouvelle baisse des prix rep\u00e8res, li\u00e9e \u00e0 la stabilit\u00e9 de l\u2019approvisionnement et au recul de la demande europ\u00e9enne.<\/p>\n<p><strong>Pr\u00e9l\u00e8vement \u00e0 la source<\/strong><\/p>\n<p>Les couples mari\u00e9s ou pacs\u00e9s b\u00e9n\u00e9ficieront d\u00e9sormais d\u2019un taux individualis\u00e9, sauf demande explicite de maintien du taux de foyer.<\/p>\n<p><strong>Retraite progressive<\/strong><\/p>\n<p>Le dispositif est assoupli : il sera accessible d\u00e8s 60 ans, contre 62 auparavant, sous conditions de trimestres valid\u00e9s (150) et d\u2019accord avec l\u2019employeur pour un temps partiel de 40 \u00e0 80 %.<\/p>\n<p><strong>Don du sang<\/strong><\/p>\n<p>Les d\u00e9lais d\u2019exclusion apr\u00e8s tatouage, piercing, acupuncture ou m\u00e9soth\u00e9rapie passent de quatre \u00e0 deux mois. L\u2019implantologie dentaire avec substituts osseux n\u2019est plus une contre-indication.<\/p>\n","protected":false},"excerpt":{"rendered":"Bourses scolaires, prix du gaz, retraite progressive, arr\u00eats maladie ou encore d\u00e9pistage n\u00e9onatal : plusieurs nouveaut\u00e9s entrent en&hellip;\n","protected":false},"author":2,"featured_media":357159,"comment_status":"","ping_status":"","sticky":false,"template":"","format":"standard","meta":{"footnotes":""},"categories":[6],"tags":[35,33,34,1011,27],"class_list":{"0":"post-357158","1":"post","2":"type-post","3":"status-publish","4":"format-standard","5":"has-post-thumbnail","7":"category-economie","8":"tag-business","9":"tag-economie","10":"tag-economy","11":"tag-fr","12":"tag-france"},"share_on_mastodon":{"url":"","error":""},"_links":{"self":[{"href":"https:\/\/www.europesays.com\/fr\/wp-json\/wp\/v2\/posts\/357158","targetHints":{"allow":["GET"]}}],"collection":[{"href":"https:\/\/www.europesays.com\/fr\/wp-json\/wp\/v2\/posts"}],"about":[{"href":"https:\/\/www.europesays.com\/fr\/wp-json\/wp\/v2\/types\/post"}],"author":[{"embeddable":true,"href":"https:\/\/www.europesays.com\/fr\/wp-json\/wp\/v2\/users\/2"}],"replies":[{"embeddable":true,"href":"https:\/\/www.europesays.com\/fr\/wp-json\/wp\/v2\/comments?post=357158"}],"version-history":[{"count":0,"href":"https:\/\/www.europesays.com\/fr\/wp-json\/wp\/v2\/posts\/357158\/revisions"}],"wp:featuredmedia":[{"embeddable":true,"href":"https:\/\/www.europesays.com\/fr\/wp-json\/wp\/v2\/media\/357159"}],"wp:attachment":[{"href":"https:\/\/www.europesays.com\/fr\/wp-json\/wp\/v2\/media?parent=357158"}],"wp:term":[{"taxonomy":"category","embeddable":true,"href":"https:\/\/www.europesays.com\/fr\/wp-json\/wp\/v2\/categories?post=357158"},{"taxonomy":"post_tag","embeddable":true,"href":"https:\/\/www.europesays.com\/fr\/wp-json\/wp\/v2\/tags?post=357158"}],"curies":[{"name":"wp","href":"https:\/\/api.w.org\/{rel}","templated":true}]}}