{"id":357160,"date":"2025-08-31T22:53:29","date_gmt":"2025-08-31T22:53:29","guid":{"rendered":"https:\/\/www.europesays.com\/fr\/357160\/"},"modified":"2025-08-31T22:53:29","modified_gmt":"2025-08-31T22:53:29","slug":"un-jardin-orne-de-sculptures-qui-met-arthur-rimbaud-a-lhonneur","status":"publish","type":"post","link":"https:\/\/www.europesays.com\/fr\/357160\/","title":{"rendered":"Un jardin orn\u00e9 de sculptures qui met Arthur Rimbaud \u00e0 l\u2019honneur"},"content":{"rendered":"<p>    <img decoding=\"async\" src=\"https:\/\/www.europesays.com\/fr\/wp-content\/uploads\/2025\/08\/Le-Jardin-Litteraire-de-Sculptures-1.jpg\"\/><\/p>\n<p>        Le Jardin litt\u00e9raire de sculptures se situe au fin fond des bois.<br \/>\n        DR<\/p>\n<p style=\"font-size: 1.5em\"><strong>Le Jardin litt\u00e9raire de sculptures \u00e0 Blis-et-Born est ouvert jusqu\u2019au 7\u00a0septembre, vendredi, samedi et dimanche de 14h \u00e0 19h30. De quoi parcourir avec ou sans le guide, l\u2019itin\u00e9raire d\u2019Arthur Rimbaud, entre autres.<\/strong><\/p>\n<p>Situ\u00e9es dans un \u00e9crin de verdure remarquable, plus d\u2019une centaine de sculptures mises en sc\u00e8nes illustrent les plus belles citations d\u2019\u00e9crivains sur 12\u00a0000 m2 de jardin diff\u00e9renci\u00e9.<\/p>\n<p>Tous les dimanches, \u00e0 16h, le sculpteur Jean-Claude Sadoine propose une visite cont\u00e9e \u00ab\u00a0La\u00a0Parade Sauvage\u00a0\u00bb \u00e0 la d\u00e9couverte de la vie et de l\u2019\u2019uvre d\u2019Arthur Rimbaud, \u00e0 travers une suite d\u2019installations \u00e9tonnantes d\u00e9di\u00e9es au po\u00e8te aventurier.<\/p>\n<p>Deux expos photos, un potager po\u00e9tique, un espace d\u00e9tente sous des ch\u00eanes centenaires et l\u2019atelier-galerie compl\u00e8tent cette visite. \u00ab\u00a0Une balade au jardin est un moment privil\u00e9gi\u00e9 o\u00f9 s\u2019ouvre un univers qui permet de s\u2019\u00e9vader du quotidien\u00a0\u00bb, aime \u00e0 dire le sculpteur.<\/p>\n<p>Entr\u00e9e visite libre\u00a0: 5,5 euros\/gratuit pour les moins de 10\u00a0ans. Entr\u00e9e avec visite cont\u00e9e (\u00e0 partir de 10\u00a0ans)\u00a0: 6,5 euros. Les chiens sont accept\u00e9s, tenus en laisse courte, en visite libre.<\/p>\n","protected":false},"excerpt":{"rendered":"Le Jardin litt\u00e9raire de sculptures se situe au fin fond des bois. DR Le Jardin litt\u00e9raire de sculptures&hellip;\n","protected":false},"author":2,"featured_media":357161,"comment_status":"","ping_status":"","sticky":false,"template":"","format":"standard","meta":{"footnotes":""},"categories":[1358],"tags":[1348,1384,1385,1386,58,59,1011,27],"class_list":{"0":"post-357160","1":"post","2":"type-post","3":"status-publish","4":"format-standard","5":"has-post-thumbnail","7":"category-arts-et-design","8":"tag-arts","9":"tag-arts-and-design","10":"tag-arts-et-design","11":"tag-design","12":"tag-divertissement","13":"tag-entertainment","14":"tag-fr","15":"tag-france"},"share_on_mastodon":{"url":"https:\/\/pubeurope.com\/@fr\/115125839696807674","error":""},"_links":{"self":[{"href":"https:\/\/www.europesays.com\/fr\/wp-json\/wp\/v2\/posts\/357160","targetHints":{"allow":["GET"]}}],"collection":[{"href":"https:\/\/www.europesays.com\/fr\/wp-json\/wp\/v2\/posts"}],"about":[{"href":"https:\/\/www.europesays.com\/fr\/wp-json\/wp\/v2\/types\/post"}],"author":[{"embeddable":true,"href":"https:\/\/www.europesays.com\/fr\/wp-json\/wp\/v2\/users\/2"}],"replies":[{"embeddable":true,"href":"https:\/\/www.europesays.com\/fr\/wp-json\/wp\/v2\/comments?post=357160"}],"version-history":[{"count":0,"href":"https:\/\/www.europesays.com\/fr\/wp-json\/wp\/v2\/posts\/357160\/revisions"}],"wp:featuredmedia":[{"embeddable":true,"href":"https:\/\/www.europesays.com\/fr\/wp-json\/wp\/v2\/media\/357161"}],"wp:attachment":[{"href":"https:\/\/www.europesays.com\/fr\/wp-json\/wp\/v2\/media?parent=357160"}],"wp:term":[{"taxonomy":"category","embeddable":true,"href":"https:\/\/www.europesays.com\/fr\/wp-json\/wp\/v2\/categories?post=357160"},{"taxonomy":"post_tag","embeddable":true,"href":"https:\/\/www.europesays.com\/fr\/wp-json\/wp\/v2\/tags?post=357160"}],"curies":[{"name":"wp","href":"https:\/\/api.w.org\/{rel}","templated":true}]}}