{"id":357164,"date":"2025-08-31T22:55:22","date_gmt":"2025-08-31T22:55:22","guid":{"rendered":"https:\/\/www.europesays.com\/fr\/357164\/"},"modified":"2025-08-31T22:55:22","modified_gmt":"2025-08-31T22:55:22","slug":"la-famille-de-lenny-12-ans-mort-ecrase-par-un-bloc-de-beton-dans-le-gard-va-deposer-plainte-contre-la-mairie","status":"publish","type":"post","link":"https:\/\/www.europesays.com\/fr\/357164\/","title":{"rendered":"La famille de Lenny, 12\u00a0ans, mort \u00e9cras\u00e9 par un bloc de b\u00e9ton dans le Gard, va d\u00e9poser plainte contre la mairie"},"content":{"rendered":"<p class=\"paragraph text_align_left lp-f-body-02\">La famille de Lenny, 12 ans, <a href=\"https:\/\/www.leparisien.fr\/faits-divers\/gard-un-enfant-de-12-ans-meurt-ecrase-par-un-bloc-de-beton-30-08-2025-4O4YHYGMV5HJBORGEQFMF2NQTU.php\" target=\"_self\" rel=\"nofollow noopener\">mort vendredi dernier dans le Gard<\/a>, va d\u00e9poser une plainte pour \u00ab homicide involontaire \u00bb visant la mairie de Saze, a annonc\u00e9 l\u2019avocat des proches de l\u2019enfant \u00e0 plusieurs m\u00e9dias dont <a href=\"https:\/\/www.francebleu.fr\/infos\/faits-divers-justice\/une-plainte-sera-deposee-contre-la-commune-annonce-l-avocat-des-parents-de-lenny-mort-a-saze-sous-un-bloc-de-beton-3111543\" target=\"_blank\" rel=\"noreferrer nofollow noopener\">Ici<\/a>.<\/p>\n<p class=\"paragraph text_align_left lp-f-body-02\">L\u2019enfant est d\u00e9c\u00e9d\u00e9 dans la soir\u00e9e de vendredi dans cette commune gardoise, apr\u00e8s s\u2019\u00eatre retrouv\u00e9 coinc\u00e9 sous un bloc de b\u00e9ton. \u00c0 l\u2019arriv\u00e9e des sapeurs-pompiers peu apr\u00e8s 18h30, l\u2019enfant a \u00e9t\u00e9 d\u00e9gag\u00e9 mais \u00e9tait en arr\u00eat cardiorespiratoire.<\/p>\n<p class=\"paragraph text_align_left lp-f-body-02\">Malgr\u00e9 les soins prodigu\u00e9s, et une tentative de r\u00e9animation effectu\u00e9e par les pompiers assist\u00e9s de deux \u00e9quipes m\u00e9dicales du Samu du Gard, il n\u2019a pas surv\u00e9cu \u00e0 ses blessures. Une enqu\u00eate de flagrance pour homicide involontaire a \u00e9t\u00e9 ouverte par le parquet de N\u00eemes.<\/p>\n<p class=\"paragraph text_align_left lp-f-body-02\">\u00ab L\u2019un des acc\u00e8s au stade est agr\u00e9ment\u00e9 de deux piliers, des piliers en b\u00e9ton, reli\u00e9s par une cha\u00eene \u00bb, a expliqu\u00e9 Me Hamroun, l\u2019avocat de la famille, \u00e0 nos confr\u00e8res. Le petit gar\u00e7on se serait assis sur cette cha\u00eene et \u00ab l\u2019un des piliers a c\u00e9d\u00e9 et lui a pulv\u00e9ris\u00e9 la cage thoracique \u00bb.<\/p>\n<p class=\"lp-card-podcast-highlighting__title  lp-f-subtitle-05\">[4\/4] C\u00e9cile Vallin, les secrets d\u2019une disparition<\/p>\n<p class=\"lp-card-podcast-highlighting__description lp-f-ui-05\">Crime story raconte chaque semaine les grandes affaires criminelles.<\/p>\n<p><a class=\"lp-card-podcast-highlighting__call-to-action\" data-page-type=\"HP\" data-block-name=\"podcast-highlight\">\u00c9couter<\/a>La mairie fait part de sa \u00ab profonde tristesse \u00bb<\/p>\n<p class=\"paragraph text_align_left lp-f-body-02\">\u00ab C\u2019est avec une profonde tristesse que la municipalit\u00e9 vous informe du d\u00e9c\u00e8s d\u2019un enfant du village, Lenny Tordjman, survenu hier \u00e0 la suite d\u2019un dramatique accident. (\u2026) Monsieur le Maire et l\u2019ensemble du conseil municipal adressent leurs sinc\u00e8res condol\u00e9ances \u00e0 la famille et aux proches, et les assurent de leur plein soutien dans cette \u00e9preuve \u00bb, a \u00e9crit la municipalit\u00e9 sur Facebook. Un communiqu\u00e9 qualifi\u00e9 de \u00ab lacunaire, froid et d\u00e9li\u00e9 de toute \u00e9motion \u00bb, par Me Hamroun qui pr\u00e9cise que la plainte sera d\u00e9pos\u00e9e ce lundi.<\/p>\n<p>Une cagnotte ouverte<\/p>\n<p class=\"paragraph text_align_left lp-f-body-02\">Une cagnotte a \u00e9t\u00e9 ouverte par une enseignante de l\u2019\u00e9cole du gar\u00e7on pour aider financi\u00e8rement ses proches, relatent nos confr\u00e8res de <a href=\"https:\/\/www.midilibre.fr\/2025\/08\/31\/enfant-de-12-ans-mort-sous-un-bloc-de-beton-dans-le-gard-une-cagnotte-lancee-pour-soutenir-la-famille-de-lenny-12902888.php\" target=\"_self\" rel=\"nofollow noopener\">Midi Libre<\/a>.<\/p>\n<p class=\"paragraph text_align_left lp-f-body-02\">\u00ab L\u2019enti\u00e8ret\u00e9 de la somme sera revers\u00e9e \u00e0 sa famille. Vous pouvez \u00e9galement me faire passer vos t\u00e9moignages, quels qu\u2019ils soient, \u00e0 l\u2019\u00e9cole \u00bb, est-il pr\u00e9cis\u00e9 <a href=\"https:\/\/www.onparticipe.fr\/c\/QqopeDup\" target=\"_self\" rel=\"nofollow noopener\">sur la page de la cagnotte<\/a>.<\/p>\n<p><\/p>\n","protected":false},"excerpt":{"rendered":"La famille de Lenny, 12 ans, mort vendredi dernier dans le Gard, va d\u00e9poser une plainte pour \u00ab&hellip;\n","protected":false},"author":2,"featured_media":293765,"comment_status":"","ping_status":"","sticky":false,"template":"","format":"standard","meta":{"footnotes":""},"categories":[4],"tags":[11,459,118,1011,27,12,25],"class_list":{"0":"post-357164","1":"post","2":"type-post","3":"status-publish","4":"format-standard","5":"has-post-thumbnail","7":"category-france","8":"tag-actualites","9":"tag-departements-horsidfo","10":"tag-faits-divers","11":"tag-fr","12":"tag-france","13":"tag-news","14":"tag-republique-francaise"},"share_on_mastodon":{"url":"https:\/\/pubeurope.com\/@fr\/115125847922833032","error":""},"_links":{"self":[{"href":"https:\/\/www.europesays.com\/fr\/wp-json\/wp\/v2\/posts\/357164","targetHints":{"allow":["GET"]}}],"collection":[{"href":"https:\/\/www.europesays.com\/fr\/wp-json\/wp\/v2\/posts"}],"about":[{"href":"https:\/\/www.europesays.com\/fr\/wp-json\/wp\/v2\/types\/post"}],"author":[{"embeddable":true,"href":"https:\/\/www.europesays.com\/fr\/wp-json\/wp\/v2\/users\/2"}],"replies":[{"embeddable":true,"href":"https:\/\/www.europesays.com\/fr\/wp-json\/wp\/v2\/comments?post=357164"}],"version-history":[{"count":0,"href":"https:\/\/www.europesays.com\/fr\/wp-json\/wp\/v2\/posts\/357164\/revisions"}],"wp:featuredmedia":[{"embeddable":true,"href":"https:\/\/www.europesays.com\/fr\/wp-json\/wp\/v2\/media\/293765"}],"wp:attachment":[{"href":"https:\/\/www.europesays.com\/fr\/wp-json\/wp\/v2\/media?parent=357164"}],"wp:term":[{"taxonomy":"category","embeddable":true,"href":"https:\/\/www.europesays.com\/fr\/wp-json\/wp\/v2\/categories?post=357164"},{"taxonomy":"post_tag","embeddable":true,"href":"https:\/\/www.europesays.com\/fr\/wp-json\/wp\/v2\/tags?post=357164"}],"curies":[{"name":"wp","href":"https:\/\/api.w.org\/{rel}","templated":true}]}}