{"id":357165,"date":"2025-08-31T22:56:20","date_gmt":"2025-08-31T22:56:20","guid":{"rendered":"https:\/\/www.europesays.com\/fr\/357165\/"},"modified":"2025-08-31T22:56:20","modified_gmt":"2025-08-31T22:56:20","slug":"la-cruaute-dun-plan-americain-pour-gaza-inspire-des-idees-de-trump-revele-par-le-washington-post","status":"publish","type":"post","link":"https:\/\/www.europesays.com\/fr\/357165\/","title":{"rendered":"La cruaut\u00e9 d\u2019un plan am\u00e9ricain pour Gaza, inspir\u00e9 des id\u00e9es de Trump, r\u00e9v\u00e9l\u00e9 par le \u00ab\u00a0Washington Post\u00a0\u00bb"},"content":{"rendered":"<p>        <img decoding=\"async\" loading=\"lazy\" src=\"https:\/\/www.europesays.com\/fr\/wp-content\/uploads\/2025\/08\/d36f26f_upload-1-g0koaxdsqqoy-063-2232037004.jpg\"  width=\"728\" height=\"409\" alt=\"Le plan des Etats-Unis pour l\u2019apr\u00e8s-guerre \u00e0\u00a0Gaza\u00a0pr\u00e9voit de d\u00e9placer toute la population du territoire palestinien, rapporte ce dimanche 31\u00a0ao\u00fbt le \u00ab\u00a0Washington Post\u00a0\u00bb. (Photo d\u2019illustration)\"\/>  <\/p>\n<p>CHIP SOMODEVILLA \/ Getty Images via AFP<\/p>\n<p>Le plan des Etats-Unis pour l\u2019apr\u00e8s-guerre \u00e0\u00a0Gaza\u00a0pr\u00e9voit de d\u00e9placer toute la population du territoire palestinien, rapporte ce dimanche 31\u00a0ao\u00fbt le \u00ab\u00a0Washington Post\u00a0\u00bb. (Photo d\u2019illustration)<\/p>\n<p class=\"asset asset-text\">INTERNATIONAL &#8211; Inspir\u00e9 de la promesse du pr\u00e9sident <a href=\"https:\/\/www.huffingtonpost.fr\/international\/video\/donald-trump-mort-comment-la-folle-rumeur-a-enflamme-internet-apres-cette-phrase-de-jd-vance_254189.html\" target=\"_blank\" rel=\"noopener nofollow\" title=\"Nouvelle fen\u00eatre\">Donald Trump <\/a>de \u00ab\u00a0prendre le contr\u00f4le\u00a0\u00bb de l\u2019enclave. Le plan des \u00c9tats-Unis pour l\u2019apr\u00e8s-guerre \u00e0<a href=\"https:\/\/www.huffingtonpost.fr\/international\/article\/guerre-a-gaza-les-journalistes-de-l-afp-refusent-de-voir-mourir-leurs-confreres-dans-l-enclave-palestinienne_252834.html\" target=\"_blank\" rel=\"noopener nofollow\" title=\"Nouvelle fen\u00eatre\">\u00a0Gaza<\/a>\u00a0pr\u00e9voit de d\u00e9placer toute la population du territoire palestinien, qui serait plac\u00e9 sous administration am\u00e9ricaine pendant dix ans pour le transformer en un centre touristique et technologique, rapporte ce dimanche 31\u00a0ao\u00fbt le <a href=\"https:\/\/www.washingtonpost.com\/national-security\/2025\/08\/31\/trump-gaza-plan-riviera-relocation\/\" target=\"_blank\" rel=\"noopener nofollow\" title=\"Nouvelle fen\u00eatre\">Washington Post.<\/a><\/p>\n<p class=\"asset asset-text\">Un plan qui ressemble beaucoup aux volont\u00e9s de Donald Trump de faire de Gaza la \u00ab\u00a0<a href=\"https:\/\/www.huffingtonpost.fr\/international\/video\/donald-trump-expose-son-plan-a-benjamin-netanyahu-pour-expulser-les-palestiniens-et-controler-gaza_245784.html\" rel=\"nofollow noopener\" target=\"_blank\">Riviera du Moyen-Orient<\/a>\u00a0\u00bb. En f\u00e9vrier, le locataire de la Maison Blanche avait en effet affirm\u00e9 son souhait de \u00ab\u00a0contr\u00f4ler\u00a0\u00bb la bande de Gaza et d\u2019expulser les Gazaouis vers d\u2019autres pays.<\/p>\n<p class=\"asset asset-text\">Le plan de 38 pages, consult\u00e9 par le quotidien am\u00e9ricain, envisage le d\u00e9placement \u00ab\u00a0volontaire\u00a0\u00bb des quelque deux millions d\u2019habitants de\u00a0Gaza\u00a0vers d\u2019autres pays ou dans des zones s\u00e9curis\u00e9es \u00e0 l\u2019int\u00e9rieur du territoire d\u00e9vast\u00e9 par pr\u00e8s de deux ans de guerre, le temps de sa reconstruction.<\/p>\n<p>    Des \u00ab\u00a0jetons num\u00e9riques\u00a0\u00bb    <\/p>\n<p class=\"asset asset-text\">Ceux qui accepteraient de partir recevraient 5\u00a0000\u00a0dollars en cash ainsi qu\u2019une aide couvrant quatre ans de loyer et un an de nourriture, selon ce plan.<\/p>\n<p class=\"asset asset-text\">Les propri\u00e9taires terriens se verraient quant \u00e0 eux offrir des \u00ab\u00a0jetons num\u00e9riques\u00a0\u00bb, \u00e0 utiliser pour financer une nouvelle vie ailleurs ou \u00e0 \u00e9changer contre un appartement dans l\u2019une des six \u00e0 huit nouvelles \u00ab\u00a0villes intelligentes et aliment\u00e9es par l\u2019IA\u00a0\u00bb devant \u00eatre construites \u00e0\u00a0Gaza.<\/p>\n<p class=\"asset asset-text\">Des usines de voitures \u00e9lectriques, des centres de donn\u00e9es ou des h\u00f4tels y seraient financ\u00e9s par des investissements publics et priv\u00e9s.<\/p>\n<p>    Plan \u00e9labor\u00e9 par la contest\u00e9e Fondation humanitaire de\u00a0Gaza    <\/p>\n<p class=\"asset asset-text\">Le territoire palestinien serait plac\u00e9 le temps de la reconstruction sous l\u2019administration d\u2019une entit\u00e9 baptis\u00e9e\u00a0Gaza\u00a0Reconstitution, Economic Acceleration and Transformation Trust, ou GREAT Trust.<\/p>\n<p class=\"asset asset-text\">Le plan pr\u00e9voit que cet organisme gouverne pendant dix ans avant de laisser la place \u00e0 une \u00ab\u00a0entit\u00e9 palestinienne r\u00e9form\u00e9e et d\u00e9radicalis\u00e9e\u00a0\u00bb.<\/p>\n<p class=\"asset asset-text\">Il a \u00e9t\u00e9 \u00e9labor\u00e9, selon le Washington Post, par certains des Isra\u00e9liens \u00e0 l\u2019origine de la <a href=\"https:\/\/www.huffingtonpost.fr\/international\/article\/qu-est-ce-que-la-fondation-humanitaire-pour-gaza-cette-nouvelle-ong-qui-cristallise-les-critiques-clx1_250522.html\" rel=\"nofollow noopener\" target=\"_blank\">Fondation humanitaire de\u00a0Gaza<\/a> (GHF), une organisation priv\u00e9e soutenue par Isra\u00ebl et les \u00c9tats-Unis, cr\u00e9\u00e9e pour distribuer l\u2019aide alimentaire et au centre de nombreuses critiques.<\/p>\n","protected":false},"excerpt":{"rendered":"CHIP SOMODEVILLA \/ Getty Images via AFP Le plan des Etats-Unis pour l\u2019apr\u00e8s-guerre \u00e0\u00a0Gaza\u00a0pr\u00e9voit de d\u00e9placer toute la&hellip;\n","protected":false},"author":2,"featured_media":343790,"comment_status":"","ping_status":"","sticky":false,"template":"","format":"standard","meta":{"footnotes":""},"categories":[2],"tags":[11,3259,75,73,1011,27,665,14,12,1327],"class_list":{"0":"post-357165","1":"post","2":"type-post","3":"status-publish","4":"format-standard","5":"has-post-thumbnail","7":"category-actualites","8":"tag-actualites","9":"tag-conflit-israelo-palestinien","10":"tag-donald-trump","11":"tag-etats-unis","12":"tag-fr","13":"tag-france","14":"tag-gaza","15":"tag-international","16":"tag-news","17":"tag-washington-post"},"share_on_mastodon":{"url":"https:\/\/pubeurope.com\/@fr\/115125851852944068","error":""},"_links":{"self":[{"href":"https:\/\/www.europesays.com\/fr\/wp-json\/wp\/v2\/posts\/357165","targetHints":{"allow":["GET"]}}],"collection":[{"href":"https:\/\/www.europesays.com\/fr\/wp-json\/wp\/v2\/posts"}],"about":[{"href":"https:\/\/www.europesays.com\/fr\/wp-json\/wp\/v2\/types\/post"}],"author":[{"embeddable":true,"href":"https:\/\/www.europesays.com\/fr\/wp-json\/wp\/v2\/users\/2"}],"replies":[{"embeddable":true,"href":"https:\/\/www.europesays.com\/fr\/wp-json\/wp\/v2\/comments?post=357165"}],"version-history":[{"count":0,"href":"https:\/\/www.europesays.com\/fr\/wp-json\/wp\/v2\/posts\/357165\/revisions"}],"wp:featuredmedia":[{"embeddable":true,"href":"https:\/\/www.europesays.com\/fr\/wp-json\/wp\/v2\/media\/343790"}],"wp:attachment":[{"href":"https:\/\/www.europesays.com\/fr\/wp-json\/wp\/v2\/media?parent=357165"}],"wp:term":[{"taxonomy":"category","embeddable":true,"href":"https:\/\/www.europesays.com\/fr\/wp-json\/wp\/v2\/categories?post=357165"},{"taxonomy":"post_tag","embeddable":true,"href":"https:\/\/www.europesays.com\/fr\/wp-json\/wp\/v2\/tags?post=357165"}],"curies":[{"name":"wp","href":"https:\/\/api.w.org\/{rel}","templated":true}]}}