{"id":357169,"date":"2025-08-31T23:04:58","date_gmt":"2025-08-31T23:04:58","guid":{"rendered":"https:\/\/www.europesays.com\/fr\/357169\/"},"modified":"2025-08-31T23:04:58","modified_gmt":"2025-08-31T23:04:58","slug":"un-atelier-de-remise-a-niveau-pour-les-seniors","status":"publish","type":"post","link":"https:\/\/www.europesays.com\/fr\/357169\/","title":{"rendered":"un atelier de remise \u00e0 niveau pour les seniors"},"content":{"rendered":"<p>En partenariat avec l\u2019ILCG de la Vall\u00e9e de la Dieue et Meuse Voie Sacr\u00e9e, l\u2019Automobile Club Lorrain organise une journ\u00e9e s\u00e9curit\u00e9 routi\u00e8re de remise \u00e0 niveau, r\u00e9serv\u00e9e aux seniors (plus de 60 ans), le <strong>lundi 8\u00a0septembre <\/strong> \u00e0 partir de 9\u00a0h, salle du conseil \u00e0 la mairie.<\/p>\n<p>Apr\u00e8s 30 ou 40 ans de permis de conduire, le contexte a \u00e9volu\u00e9. C\u2019est pourquoi, l\u2019Automobile Club Lorrain propose des ateliers de formation aux risques routiers pour les seniors. La signalisation routi\u00e8re, le partage de la route et le r\u00e9seau qui \u00e9voluent deviennent complexes.<\/p>\n<p>Pr\u00e9sentation de la nouvelle signalisation et passage de l\u2019examen du code de la route (sans aucune sanction bien s\u00fbr) agr\u00e9menteront la formation. Il sera rappel\u00e9 \u00e9galement les droits et les devoirs du pi\u00e9ton, les r\u00e8gles pour les randonneurs, et il sera possible de tester ses r\u00e9flexes et recevoir les conseils du formateur sur le simulateur de conduite.<\/p>\n<p>Dans un monde plus interconnect\u00e9 que jamais, la mobilit\u00e9 personnelle demeure un facteur essentiel du bien-\u00eatre social, \u00e9conomique et environnemental. Ces sessions permettent une prise en compte des nouvelles conditions de circulation gr\u00e2ce \u00e0 une approche p\u00e9dagogique \u00e0 la port\u00e9e de tous.<\/p>\n<p class=\"note\">Pour toute demande d\u2019inscription, contacter la pr\u00e9sidente Fabienne Bavoux au 06\u00a085\u00a002\u00a095\u00a071.<\/p>\n","protected":false},"excerpt":{"rendered":"En partenariat avec l\u2019ILCG de la Vall\u00e9e de la Dieue et Meuse Voie Sacr\u00e9e, l\u2019Automobile Club Lorrain organise&hellip;\n","protected":false},"author":2,"featured_media":357170,"comment_status":"","ping_status":"","sticky":false,"template":"","format":"standard","meta":{"footnotes":""},"categories":[9635],"tags":[1111,11,49286,22467,3602,10174,1777,674,1011,27,775,1702,12,25,104,1631],"class_list":{"0":"post-357169","1":"post","2":"type-post","3":"status-publish","4":"format-standard","5":"has-post-thumbnail","7":"category-nancy","8":"tag-actu","9":"tag-actualites","10":"tag-ancemont","11":"tag-cc-val-de-meuse-voie-sacree-55a","12":"tag-edition-bar-le-duc","13":"tag-edition-verdun","14":"tag-eu","15":"tag-europe","16":"tag-fr","17":"tag-france","18":"tag-grand-est","19":"tag-nancy","20":"tag-news","21":"tag-republique-francaise","22":"tag-societe","23":"tag-vie-associative"},"share_on_mastodon":{"url":"https:\/\/pubeurope.com\/@fr\/115125886869345068","error":""},"_links":{"self":[{"href":"https:\/\/www.europesays.com\/fr\/wp-json\/wp\/v2\/posts\/357169","targetHints":{"allow":["GET"]}}],"collection":[{"href":"https:\/\/www.europesays.com\/fr\/wp-json\/wp\/v2\/posts"}],"about":[{"href":"https:\/\/www.europesays.com\/fr\/wp-json\/wp\/v2\/types\/post"}],"author":[{"embeddable":true,"href":"https:\/\/www.europesays.com\/fr\/wp-json\/wp\/v2\/users\/2"}],"replies":[{"embeddable":true,"href":"https:\/\/www.europesays.com\/fr\/wp-json\/wp\/v2\/comments?post=357169"}],"version-history":[{"count":0,"href":"https:\/\/www.europesays.com\/fr\/wp-json\/wp\/v2\/posts\/357169\/revisions"}],"wp:featuredmedia":[{"embeddable":true,"href":"https:\/\/www.europesays.com\/fr\/wp-json\/wp\/v2\/media\/357170"}],"wp:attachment":[{"href":"https:\/\/www.europesays.com\/fr\/wp-json\/wp\/v2\/media?parent=357169"}],"wp:term":[{"taxonomy":"category","embeddable":true,"href":"https:\/\/www.europesays.com\/fr\/wp-json\/wp\/v2\/categories?post=357169"},{"taxonomy":"post_tag","embeddable":true,"href":"https:\/\/www.europesays.com\/fr\/wp-json\/wp\/v2\/tags?post=357169"}],"curies":[{"name":"wp","href":"https:\/\/api.w.org\/{rel}","templated":true}]}}