{"id":357171,"date":"2025-08-31T23:05:12","date_gmt":"2025-08-31T23:05:12","guid":{"rendered":"https:\/\/www.europesays.com\/fr\/357171\/"},"modified":"2025-08-31T23:05:12","modified_gmt":"2025-08-31T23:05:12","slug":"envie-en-lorraine-sera-present-a-la-foire-a-lequipement-le-samedi-6-septembre-a-nancy","status":"publish","type":"post","link":"https:\/\/www.europesays.com\/fr\/357171\/","title":{"rendered":"Envie en Lorraine sera pr\u00e9sent \u00e0 la Foire \u00e0 l\u2019\u00e9quipement le samedi 6 septembre \u00e0 Nancy"},"content":{"rendered":"<p>Pour les nouveaux arrivants et les \u00e9tudiants, la rentr\u00e9e est souvent synonyme de grosses d\u00e9penses\u00a0! Afin de vous permettre d\u2019\u00e9quiper votre logement sans vous ruiner, Envie en Lorraine propose une solution \u00e9conomique, qui s\u2019inscrit dans une d\u00e9marche responsable.<\/p>\n<p>Acteur local majeur du r\u00e9emploi, Envie en Lorraine met \u00e0 votre disposition une large gamme d\u2019appareils \u00e9lectrom\u00e9nagers reconditionn\u00e9s : lave-linge, r\u00e9frig\u00e9rateurs, petits appareils du quotidien\u2026 Tous sont test\u00e9s, nettoy\u00e9s, r\u00e9par\u00e9s et garantis. Objectif\u00a0: leur offrir une seconde vie, tout en assurant fiabilit\u00e9 et performance.<\/p>\n<p><strong>\u00c9conomie, \u00e9cologie et insertion sociale<\/strong><\/p>\n<p>Choisir Envie, c\u2019est b\u00e9n\u00e9ficier\u00a0:<\/p>\n<ul>\n<li>De prix jusqu\u2019\u00e0 50 % moins chers que les produits neufs\u00a0;<\/li>\n<li>D\u2019un impact \u00e9cologique r\u00e9duit gr\u00e2ce au reconditionnement (46 fois moins d\u2019impact pour un lave-linge et 36 fois moins pour un r\u00e9frig\u00e9rateur)\u00a0;<\/li>\n<li>D\u2019un engagement solidaire en faveur de la formation et de l\u2019emploi de personnes en parcours d\u2019insertion, facilitant leur retour \u00e0 l\u2019emploi durable.<\/li>\n<\/ul>\n<p><strong>3e \u00e9dition de la Foire \u00e0 l\u2019\u00e9quipement<\/strong><\/p>\n<p>Aux c\u00f4t\u00e9s de nombreux acteurs du r\u00e9emploi, Envie en Lorraine vous donne rendez-vous \u00e0 la salle des f\u00eates de Gentilly (avenue du Rhin \u00e0 Nancy), le samedi 6 septembre de 9h \u00e0 17h. Cet \u00e9v\u00e9nement, organis\u00e9 par la M\u00e9tropole du Grand Nancy, est l\u2019occasion id\u00e9ale pour d\u00e9nicher des articles issus du r\u00e9emploi, propos\u00e9s \u00e0 petits prix dans une d\u00e9marche solidaire, responsable et durable.<\/p>\n<p>Et si vous ne trouvez pas votre bonheur sur place, l\u2019\u00e9quipe d\u2019Envie en Lorraine vous accueille dans son magasin ouvert toute l\u2019ann\u00e9e.<\/p>\n","protected":false},"excerpt":{"rendered":"Pour les nouveaux arrivants et les \u00e9tudiants, la rentr\u00e9e est souvent synonyme de grosses d\u00e9penses\u00a0! Afin de vous&hellip;\n","protected":false},"author":2,"featured_media":357172,"comment_status":"","ping_status":"","sticky":false,"template":"","format":"standard","meta":{"footnotes":""},"categories":[9635],"tags":[1111,11,7884,1777,674,1011,27,775,1702,12,25],"class_list":{"0":"post-357171","1":"post","2":"type-post","3":"status-publish","4":"format-standard","5":"has-post-thumbnail","7":"category-nancy","8":"tag-actu","9":"tag-actualites","10":"tag-articles-partenaires","11":"tag-eu","12":"tag-europe","13":"tag-fr","14":"tag-france","15":"tag-grand-est","16":"tag-nancy","17":"tag-news","18":"tag-republique-francaise"},"share_on_mastodon":{"url":"https:\/\/pubeurope.com\/@fr\/115125886927232263","error":""},"_links":{"self":[{"href":"https:\/\/www.europesays.com\/fr\/wp-json\/wp\/v2\/posts\/357171","targetHints":{"allow":["GET"]}}],"collection":[{"href":"https:\/\/www.europesays.com\/fr\/wp-json\/wp\/v2\/posts"}],"about":[{"href":"https:\/\/www.europesays.com\/fr\/wp-json\/wp\/v2\/types\/post"}],"author":[{"embeddable":true,"href":"https:\/\/www.europesays.com\/fr\/wp-json\/wp\/v2\/users\/2"}],"replies":[{"embeddable":true,"href":"https:\/\/www.europesays.com\/fr\/wp-json\/wp\/v2\/comments?post=357171"}],"version-history":[{"count":0,"href":"https:\/\/www.europesays.com\/fr\/wp-json\/wp\/v2\/posts\/357171\/revisions"}],"wp:featuredmedia":[{"embeddable":true,"href":"https:\/\/www.europesays.com\/fr\/wp-json\/wp\/v2\/media\/357172"}],"wp:attachment":[{"href":"https:\/\/www.europesays.com\/fr\/wp-json\/wp\/v2\/media?parent=357171"}],"wp:term":[{"taxonomy":"category","embeddable":true,"href":"https:\/\/www.europesays.com\/fr\/wp-json\/wp\/v2\/categories?post=357171"},{"taxonomy":"post_tag","embeddable":true,"href":"https:\/\/www.europesays.com\/fr\/wp-json\/wp\/v2\/tags?post=357171"}],"curies":[{"name":"wp","href":"https:\/\/api.w.org\/{rel}","templated":true}]}}