{"id":357173,"date":"2025-08-31T23:06:16","date_gmt":"2025-08-31T23:06:16","guid":{"rendered":"https:\/\/www.europesays.com\/fr\/357173\/"},"modified":"2025-08-31T23:06:16","modified_gmt":"2025-08-31T23:06:16","slug":"ce-quil-faut-retenir-du-25e-conseil-des-ministres-franco-allemand-qui-sest-deroule-a-toulon","status":"publish","type":"post","link":"https:\/\/www.europesays.com\/fr\/357173\/","title":{"rendered":"Ce qu&rsquo;il faut retenir du 25e Conseil des ministres franco-allemand qui s&rsquo;est d\u00e9roul\u00e9 \u00e0 Toulon"},"content":{"rendered":"<p>Un conseil d\u2019impulsion. Apr\u00e8s les accolades et autres protocoles, Emmanuel Macron, Friedrich Merz et leurs ministres se sont r\u00e9unis en s\u00e9ance pl\u00e9ni\u00e8re. Plus d\u2019une heure de travail prolifique, puisque, dans la foul\u00e9e, le pr\u00e9sident de la R\u00e9publique et le Chancelier, dans une conf\u00e9rence de presse commune, ont pr\u00e9sent\u00e9 huit dossiers et vingt-sept projets concrets. Le fruit du travail des diff\u00e9rents minist\u00e8res depuis plusieurs mois, concr\u00e9tisant les d\u00e9cisions politiques et destin\u00e9 \u00e0 \u00ab\u00a0faire avancer l\u2019agenda bilat\u00e9ral et l\u2019agenda europ\u00e9en de mani\u00e8re extr\u00eamement pratique\u00a0\u00bb, a expliqu\u00e9 le chef de l\u2019\u00c9tat.<\/p>\n<p>\u00ab\u00a0L\u2019esprit de Toulon\u00a0\u00bb<\/p>\n<p>Ceci, a-t-il pr\u00e9cis\u00e9, \u00ab\u00a0pour plus de comp\u00e9titivit\u00e9 et de productivit\u00e9\u00a0\u00bb, mais aussi \u00ab\u00a0pour am\u00e9liorer notre s\u00e9curit\u00e9 europ\u00e9enne\u00a0\u00bb. \u00ab\u00a0Nous devons prot\u00e9ger notre libert\u00e9, notre s\u00e9curit\u00e9 et notre prosp\u00e9rit\u00e9, a rench\u00e9ri Friedrich Merz. Dans un monde dont l\u2019ordre change de mani\u00e8re rapide et profonde, nous partageons la conviction qu\u2019un partenariat franco-allemand fort, qu\u2019une Europe forte et unie est notre meilleure r\u00e9ponse. C\u2019est cela l\u2019esprit de Toulon!\u00a0\u00bb<\/p>\n<p>Industrie, technologie, espace, intelligence artificielle, mais aussi march\u00e9 du travail ou encore politique sociale: les sujets sur lesquels la France et l\u2019Allemagne veulent avancer main dans la main sont nombreux. C\u2019est ainsi qu\u2019un sommet europ\u00e9en sur le num\u00e9rique sera organis\u00e9 conjointement le 18 novembre prochain \u00e0 Berlin. En 2026, un sommet sur les questions de politique sociale et un autre sur l\u2019espace devraient suivre.<\/p>\n<p>Pour une paix juste et durable en Ukraine et \u00e0 Gaza<\/p>\n<p>              <img ci-src=\"https:\/\/www.varmatin.com\/politique\/protec\/DATA_ART_16153157-ooekDBaa.jpg?vh=609067&amp;ci_seal=b04952579f\" alt=\"\"\/><br \/>\n        Vingt ministres fran\u00e7ais et allemands se sont attabl\u00e9s autour d\u2019Emmanuel Macron et de Friedrich Merz pour le 25e Conseil des ministres franco-allemand. <strong>Photo Frank Muller.<\/strong> <\/p>\n<p>Les divergences, notamment sur l\u2019\u00e9nergie nucl\u00e9aire, ont, elles, \u00e9t\u00e9, \u00ab\u00a0remises \u00e0 plat\u00a0\u00bb, toujours dans un objectif de convergence, mot r\u00e9p\u00e9t\u00e9 \u00e0 l\u2019envi par Emmanuel Macron et Friedrich Merz.<\/p>\n<p>Alors que le Conseil de d\u00e9fense et de s\u00e9curit\u00e9 franco-allemand devait se tenir quelques instants plus tard, le chef de l\u2019\u00c9tat et le Chancelier allemand sont longuement revenus sur les crises internationales, Ukraine en t\u00eate. \u00ab\u00a0Une paix juste et durable, a pr\u00e9cis\u00e9 le Pr\u00e9sident, est au c\u0153ur de notre agenda. Nous continuerons d\u2019exercer la pression.\u00a0\u00bb Et le chef du gouvernement allemand de confirmer: \u00ab\u00a0Apr\u00e8s Washington, nous avions l\u2019espoir d\u2019une rencontre entre le pr\u00e9sident russe et le pr\u00e9sident ukrainien, mais je ne peux que constater que les conditions de Vladimir Poutine ne sont pas acceptables.\u00a0\u00bb<\/p>\n<p>Situation \u00e0 Gaza ou crise du nucl\u00e9aire iranien, le couple franco-allemand regarde dans la m\u00eame direction.<\/p>\n<p>Turbulences fran\u00e7aises<\/p>\n<p>Mais qu\u2019en sera-t-il de cet \u00e9lan si le gouvernement tombe apr\u00e8s le 8 septembre, date \u00e0 laquelle le Premier ministre Fran\u00e7ois Bayrou doit engager sa responsabilit\u00e9 devant l\u2019Assembl\u00e9e nationale? Emmanuel Macron s\u2019est d\u2019abord dit convaincu que \u00ab\u00a0le travail men\u00e9 par le Premier ministre dans les prochains jours permettra de convaincre\u00a0\u00bb. Il a ensuite balay\u00e9 l\u2019hypoth\u00e8se de sa propre d\u00e9mission, souhait\u00e9e notamment par La France insoumise: \u00ab\u00a0Le mandat qui m\u2019a \u00e9t\u00e9 confi\u00e9 par les Fran\u00e7ais, et par personne d\u2019autre, est un mandat qui sera exerc\u00e9 jusqu\u2019\u00e0 son terme.\u00a0\u00bb<\/p>\n<p>Dans tous les cas, a encore pr\u00e9cis\u00e9 le pr\u00e9sident la R\u00e9publique, \u00ab\u00a0les feuilles de route que nous signons aujourd\u2019hui avec les ministres engagent la France dans sa continuit\u00e9\u00a0\u00bb. Comme un contrat de mariage pour le couple franco-allemand c\u00e9l\u00e9br\u00e9 \u00e0 Toulon.<\/p>\n","protected":false},"excerpt":{"rendered":"Un conseil d\u2019impulsion. Apr\u00e8s les accolades et autres protocoles, Emmanuel Macron, Friedrich Merz et leurs ministres se sont&hellip;\n","protected":false},"author":2,"featured_media":357174,"comment_status":"","ping_status":"","sticky":false,"template":"","format":"standard","meta":{"footnotes":""},"categories":[9619],"tags":[1111,11,1777,674,1011,27,12,316,882,25,2310],"class_list":{"0":"post-357173","1":"post","2":"type-post","3":"status-publish","4":"format-standard","5":"has-post-thumbnail","7":"category-toulon","8":"tag-actu","9":"tag-actualites","10":"tag-eu","11":"tag-europe","12":"tag-fr","13":"tag-france","14":"tag-news","15":"tag-politique","16":"tag-provence-alpes-cote-dazur","17":"tag-republique-francaise","18":"tag-toulon"},"share_on_mastodon":{"url":"https:\/\/pubeurope.com\/@fr\/115125890778151997","error":""},"_links":{"self":[{"href":"https:\/\/www.europesays.com\/fr\/wp-json\/wp\/v2\/posts\/357173","targetHints":{"allow":["GET"]}}],"collection":[{"href":"https:\/\/www.europesays.com\/fr\/wp-json\/wp\/v2\/posts"}],"about":[{"href":"https:\/\/www.europesays.com\/fr\/wp-json\/wp\/v2\/types\/post"}],"author":[{"embeddable":true,"href":"https:\/\/www.europesays.com\/fr\/wp-json\/wp\/v2\/users\/2"}],"replies":[{"embeddable":true,"href":"https:\/\/www.europesays.com\/fr\/wp-json\/wp\/v2\/comments?post=357173"}],"version-history":[{"count":0,"href":"https:\/\/www.europesays.com\/fr\/wp-json\/wp\/v2\/posts\/357173\/revisions"}],"wp:featuredmedia":[{"embeddable":true,"href":"https:\/\/www.europesays.com\/fr\/wp-json\/wp\/v2\/media\/357174"}],"wp:attachment":[{"href":"https:\/\/www.europesays.com\/fr\/wp-json\/wp\/v2\/media?parent=357173"}],"wp:term":[{"taxonomy":"category","embeddable":true,"href":"https:\/\/www.europesays.com\/fr\/wp-json\/wp\/v2\/categories?post=357173"},{"taxonomy":"post_tag","embeddable":true,"href":"https:\/\/www.europesays.com\/fr\/wp-json\/wp\/v2\/tags?post=357173"}],"curies":[{"name":"wp","href":"https:\/\/api.w.org\/{rel}","templated":true}]}}