{"id":357175,"date":"2025-08-31T23:08:11","date_gmt":"2025-08-31T23:08:11","guid":{"rendered":"https:\/\/www.europesays.com\/fr\/357175\/"},"modified":"2025-08-31T23:08:11","modified_gmt":"2025-08-31T23:08:11","slug":"previsions-du-lundi-1-septembre-2025","status":"publish","type":"post","link":"https:\/\/www.europesays.com\/fr\/357175\/","title":{"rendered":"pr\u00e9visions du lundi 1 septembre 2025"},"content":{"rendered":"<p>Le soleil peinera \u00e0 percer au milieu des nuages qui persisteront sur Montpellier dans la journ\u00e9e. Les temp\u00e9ratures seront de 22\u00b0C. Une l\u00e9g\u00e8re brise de nord-ouest soufflera. Les nuages en pr\u00e9vision le matin, et un ciel encore maussade. Prenez garde, des orages de faible intensit\u00e9 vont gronder. Des pluies \u00e9parses tomberont dans l&rsquo;apr\u00e8s-midi. En revanche, l&rsquo;air ambiant va se r\u00e9chauffer avec une augmentation de quelques degr\u00e9s. Les temp\u00e9ratures afficheront entre 22 et 25\u00b0C. Les valeurs avoisineront les 21\u00b0C au cours de la soir\u00e9e. C&rsquo;est un ciel d\u00e9pourvu de nuages que conna\u00eetra la nuit de lundi \u00e0 mardi.<\/p>\n<p>Demain, les Montpelli\u00e9rains vont pouvoir profiter d&rsquo;un soleil magnifique. Le mercure va baisser de quelques degr\u00e9s. Le mercure affichera 21\u00b0C en moyenne. Un vent de nord-ouest est pr\u00e9vu : il soufflera \u00e0 21 km\/h. Les temp\u00e9ratures vont monter pendant l&rsquo;apr\u00e8s-midi de quelques degr\u00e9s. Les valeurs s&rsquo;\u00e9chelonneront entre 24 et 25\u00b0C.<\/p>\n<p>La m\u00e9t\u00e9o des jours suivants va \u00e9voluer progressivement. Apr\u00e8s un temps stable mercredi, la situation changera jeudi.<\/p>\n<p><\/p>\n","protected":false},"excerpt":{"rendered":"Le soleil peinera \u00e0 percer au milieu des nuages qui persisteront sur Montpellier dans la journ\u00e9e. Les temp\u00e9ratures&hellip;\n","protected":false},"author":2,"featured_media":357176,"comment_status":"","ping_status":"","sticky":false,"template":"","format":"standard","meta":{"footnotes":""},"categories":[9599],"tags":[1111,11,1777,674,1011,27,7089,2681,2208,12,2680,2119,25],"class_list":{"0":"post-357175","1":"post","2":"type-post","3":"status-publish","4":"format-standard","5":"has-post-thumbnail","7":"category-montpellier","8":"tag-actu","9":"tag-actualites","10":"tag-eu","11":"tag-europe","12":"tag-fr","13":"tag-france","14":"tag-herault","15":"tag-languedoc-roussillon","16":"tag-montpellier","17":"tag-news","18":"tag-occitanie","19":"tag-previsions-meteo","20":"tag-republique-francaise"},"share_on_mastodon":{"url":"https:\/\/pubeurope.com\/@fr\/115125898690812100","error":""},"_links":{"self":[{"href":"https:\/\/www.europesays.com\/fr\/wp-json\/wp\/v2\/posts\/357175","targetHints":{"allow":["GET"]}}],"collection":[{"href":"https:\/\/www.europesays.com\/fr\/wp-json\/wp\/v2\/posts"}],"about":[{"href":"https:\/\/www.europesays.com\/fr\/wp-json\/wp\/v2\/types\/post"}],"author":[{"embeddable":true,"href":"https:\/\/www.europesays.com\/fr\/wp-json\/wp\/v2\/users\/2"}],"replies":[{"embeddable":true,"href":"https:\/\/www.europesays.com\/fr\/wp-json\/wp\/v2\/comments?post=357175"}],"version-history":[{"count":0,"href":"https:\/\/www.europesays.com\/fr\/wp-json\/wp\/v2\/posts\/357175\/revisions"}],"wp:featuredmedia":[{"embeddable":true,"href":"https:\/\/www.europesays.com\/fr\/wp-json\/wp\/v2\/media\/357176"}],"wp:attachment":[{"href":"https:\/\/www.europesays.com\/fr\/wp-json\/wp\/v2\/media?parent=357175"}],"wp:term":[{"taxonomy":"category","embeddable":true,"href":"https:\/\/www.europesays.com\/fr\/wp-json\/wp\/v2\/categories?post=357175"},{"taxonomy":"post_tag","embeddable":true,"href":"https:\/\/www.europesays.com\/fr\/wp-json\/wp\/v2\/tags?post=357175"}],"curies":[{"name":"wp","href":"https:\/\/api.w.org\/{rel}","templated":true}]}}