{"id":357179,"date":"2025-08-31T23:12:48","date_gmt":"2025-08-31T23:12:48","guid":{"rendered":"https:\/\/www.europesays.com\/fr\/357179\/"},"modified":"2025-08-31T23:12:48","modified_gmt":"2025-08-31T23:12:48","slug":"rugby-nationale-richard-savey-apres-usb","status":"publish","type":"post","link":"https:\/\/www.europesays.com\/fr\/357179\/","title":{"rendered":"Rugby &#8211; Nationale. Richard Savey apr\u00e8s USB"},"content":{"rendered":"<p>L\u2019US Bressane a r\u00e9ussi \u00e0 revenir \u00e0 hauteur de Rouen vendredi soir lors de la deuxi\u00e8me journ\u00e9e de championnat de National. Pour finir par d\u00e9crocher les deux points du match nul (18-18) face aux Normands. Les r\u00e9actions c\u00f4t\u00e9 violet.<\/p>\n<p>  Richard Savey, manager US Bressane\u00a0: \u00ab\u00a0Il va falloir \u00e9lever le ton sur l\u2019agressivit\u00e9 et la combativit\u00e9\u00a0\u00bb<\/p>\n<p>\u00ab\u00a0Ce match nul est plut\u00f4t une d\u00e9ception. C\u2019\u00e9tait le premier match \u00e0 domicile, nous attendons un visage plus guerrier sur certains secteurs du jeu. Apr\u00e8s, ce sont deux points de pris quand m\u00eame alors que nous \u00e9tions \u00e0 z\u00e9ro point \u00e0 sept minutes de la fin. Nous retenons aussi cette fin de match o\u00f9 nous sommes capables de rebasculer et marquer pour revenir au score. Mais nous ne pouvons pas nous contenter de cela sur nos matchs \u00e0 domicile. Il va falloir \u00e9lever le ton sur l\u2019agressivit\u00e9 et la combativit\u00e9. Nous sommes encore dans une phase d\u2019apprentissage pour les joueurs du groupe. Nous avan\u00e7ons petit \u00e0 petit. J\u2019aime bien positiver et je pense que nous aurons des jours meilleurs m\u00eame s\u2019il faudra se montrer plus intransigeants sur les matchs \u00e0 domicile. Par rapport au match de Chamb\u00e9ry, nous avons \u00e9t\u00e9 mieux sur la discipline (10 fautes) mais il y a mieux \u00e0 faire sur la gestion de certains moments du match, comme lorsque nous encaissons deux essais trop facilement. Apr\u00e8s avoir pris <a href=\"https:\/\/www.leprogres.fr\/sport\/2025\/08\/22\/l-us-bressane-craque-dans-le-deuxieme-acte-a-chambery\" target=\"_blank\" rel=\"noopener\">une valise \u00e0 Chamb\u00e9ry<\/a>, nous prenons deux points face \u00e0 un pr\u00e9tendant au top 3. Mais, nous n\u2019allons pas nous en contenter\u00a0\u00bb.<\/p>\n<p>\u00ab\u00a0Nous avons eu quinze minutes en deuxi\u00e8me p\u00e9riode o\u00f9 nous subissons un peu. Avec un peu d\u2019absence sur des luttes a\u00e9riennes. Il va falloir \u00eatre plus d\u00e9termin\u00e9s \u00e0 certains moments. Nous sommes encore trop dans un \u00ab\u00a0entre-deux\u00a0\u00bb sur certaines situations (sur les initiatives de jeu NDLR). Il faut que l\u2019on soit plus forts sur ce que l\u2019on souhaite faire. Le groupe a su r\u00e9agir en revenant sur cette fin de match, et cet \u00e9tat d\u2019esprit va nous servir pour la suite\u00a0\u00bb.<\/p>\n<p>\u00ab\u00a0Nous avons eu nos ballons en touche mais sur certaines situations proches de la ligne, il aurait fallu \u00eatre plus tueurs. Il faut aussi rendre nos situations de marque plus positives et plus productives. Sur la m\u00eal\u00e9e, il y a eu des allers-retours. Nous avons subi \u00e0 certains moments, notamment en premi\u00e8re p\u00e9riode. Elle nous ram\u00e8ne aussi deux p\u00e9nalit\u00e9s en fin de match qui nous permet de revenir. La premi\u00e8re ligne qui est entr\u00e9e en jeu a fait son boulot par rapport \u00e0 cela. Ce soir, l\u2019apport du banc nous a mis dans de bonnes conditions pour<a href=\"https:\/\/www.leprogres.fr\/sport\/2025\/08\/29\/douchee-d-entree-l-us-bressane-finit-par-s-offrir-le-nul-devant-rouen\" target=\"_blank\" rel=\"noopener\"> aller chercher ces deux points \u00e0 la fin du match\u00a0<\/a>\u00bb.<\/p>\n<p>  Romain Lamit, centre US Bressane\u00a0: \u00ab\u00a0Nous avons eu le caract\u00e8re pour remonter\u00a0\u00bb<\/p>\n<p>\u00ab\u00a0C\u2019est bien d\u2019avoir r\u00e9ussi \u00e0 revenir dans la partie. Nous \u00e9tions men\u00e9s de dix points \u00e0 un moment donn\u00e9. Nous aurions pu l\u00e2cher mais nous avons eu le caract\u00e8re pour remonter et potentiellement aller chercher la gagne s\u2019il restait deux trois minutes de plus. Nous aurions aim\u00e9 faire plaisir au public et lui offrir la victoire. Il n\u2019y avait pas non plus les conditions pour faire du beau-jeu, il a fallu faire du jeu restrictif. Je retiens le caract\u00e8re dont nous avons fait preuve. C\u2019est une d\u00e9ception. Nous limitons la casse en prenant deux points\u00a0\u00bb.<\/p>\n","protected":false},"excerpt":{"rendered":"L\u2019US Bressane a r\u00e9ussi \u00e0 revenir \u00e0 hauteur de Rouen vendredi soir lors de la deuxi\u00e8me journ\u00e9e de&hellip;\n","protected":false},"author":2,"featured_media":357180,"comment_status":"","ping_status":"","sticky":false,"template":"","format":"standard","meta":{"footnotes":""},"categories":[9587],"tags":[1111,11,6749,6750,6751,1777,674,1011,27,12,5161,25,9590,479,517,6748],"class_list":{"0":"post-357179","1":"post","2":"type-post","3":"status-publish","4":"format-standard","5":"has-post-thumbnail","7":"category-rouen","8":"tag-actu","9":"tag-actualites","10":"tag-bourg-en-bresse","11":"tag-bourg-en-bresse-ville","12":"tag-edition-ain-ouest","13":"tag-eu","14":"tag-europe","15":"tag-fr","16":"tag-france","17":"tag-news","18":"tag-normandie","19":"tag-republique-francaise","20":"tag-rouen","21":"tag-rugby","22":"tag-sport","23":"tag-us-bressane-union-sportive-bressane-pays-de-lain"},"share_on_mastodon":{"url":"https:\/\/pubeurope.com\/@fr\/115125918279218881","error":""},"_links":{"self":[{"href":"https:\/\/www.europesays.com\/fr\/wp-json\/wp\/v2\/posts\/357179","targetHints":{"allow":["GET"]}}],"collection":[{"href":"https:\/\/www.europesays.com\/fr\/wp-json\/wp\/v2\/posts"}],"about":[{"href":"https:\/\/www.europesays.com\/fr\/wp-json\/wp\/v2\/types\/post"}],"author":[{"embeddable":true,"href":"https:\/\/www.europesays.com\/fr\/wp-json\/wp\/v2\/users\/2"}],"replies":[{"embeddable":true,"href":"https:\/\/www.europesays.com\/fr\/wp-json\/wp\/v2\/comments?post=357179"}],"version-history":[{"count":0,"href":"https:\/\/www.europesays.com\/fr\/wp-json\/wp\/v2\/posts\/357179\/revisions"}],"wp:featuredmedia":[{"embeddable":true,"href":"https:\/\/www.europesays.com\/fr\/wp-json\/wp\/v2\/media\/357180"}],"wp:attachment":[{"href":"https:\/\/www.europesays.com\/fr\/wp-json\/wp\/v2\/media?parent=357179"}],"wp:term":[{"taxonomy":"category","embeddable":true,"href":"https:\/\/www.europesays.com\/fr\/wp-json\/wp\/v2\/categories?post=357179"},{"taxonomy":"post_tag","embeddable":true,"href":"https:\/\/www.europesays.com\/fr\/wp-json\/wp\/v2\/tags?post=357179"}],"curies":[{"name":"wp","href":"https:\/\/api.w.org\/{rel}","templated":true}]}}