{"id":357181,"date":"2025-08-31T23:15:01","date_gmt":"2025-08-31T23:15:01","guid":{"rendered":"https:\/\/www.europesays.com\/fr\/357181\/"},"modified":"2025-08-31T23:15:01","modified_gmt":"2025-08-31T23:15:01","slug":"hockey-sur-glace-chl-cest-certain-quon-nabandonnera-pas-grenoble-deborde-par-zoug-sans-avoir-a-rougir","status":"publish","type":"post","link":"https:\/\/www.europesays.com\/fr\/357181\/","title":{"rendered":"Hockey sur glace &#8211; CHL. \u00ab C\u2019est certain qu\u2019on n\u2019abandonnera pas \u00bb : Grenoble d\u00e9bord\u00e9 par Zoug, sans avoir \u00e0 rougir"},"content":{"rendered":"<p class=\"insetTitle\">Les r\u00e9actions de la soir\u00e9e<\/p>\n<p><strong>Christophe Boivin (Grenoble, attaquant) <\/strong>: \u00ab\u00a0C\u2019est une d\u00e9faite, on n\u2019est pas fier de \u00e7a. Mais on a eu des chances, on aurait pu \u00eatre meilleur au score, je pense. C\u2019est une belle performance de l\u2019\u00e9quipe. Comme contre Berne (0-2), les erreurs co\u00fbtent cher. Nos erreurs nous ont co\u00fbt\u00e9 des buts ce soir (lire samedi), d\u00e8s le d\u00e9but du match. Sinon, on s\u2019en va dans la bonne direction. Ce sont des grosses \u00e9quipes. On veut continuer dans cette comp\u00e9tition-l\u00e0 de jouer nos matchs. On a plusieurs occasions de marquer des buts\u00a0; on l\u2019a fait au 3e tiers et \u00e7a fait plaisir au groupe. On voit que si on arrive \u00e0 marquer, un ou deux buts dans un match, on voit qu\u2019on est capable de rivaliser. Et pourquoi pas de cr\u00e9er une surprise\u2026 C\u2019est certain qu\u2019on n\u2019abandonnera pas.\u00a0\u00bb<\/p>\n<p><strong>Edo Terglav (Grenoble, entra\u00eeneur-adjoint)<\/strong>\u00a0:\u00a0\u00ab\u00a0C\u2019est s\u00fbr que quand tu perds 5-1, c\u2019est un peu s\u00e9v\u00e8re. Mais c\u2019est un peu dommage par rapport au match de jeudi. On a \u00e9t\u00e9 un peu plus pr\u00e9sent, on a plus patin\u00e9. Mais on a vu que, \u00e0 ce niveau-l\u00e0, nos erreurs, \u00e7a fait but. Et puis deux en m\u00eame pas une minute\u2026 A ce niveau-l\u00e0, basculer, passer \u00e0 autre chose apr\u00e8s un but, c\u2019est super important. On a un peu forc\u00e9 le jeu, parce qu\u2019on \u00e9tait frustr\u00e9s. Apr\u00e8s, \u00e0 3-0 contre ces \u00e9quipes-l\u00e0, c\u2019est dur. Le positif, c\u2019est qu\u2019on n\u2019a pas l\u00e2ch\u00e9. Nos jeunes\u00a0? Aujourd\u2019hui (lire samedi), c\u2019\u00e9tait excellent. Impressionnant comment ils ont \u00e9t\u00e9 capables de faire le pas en avant par rapport \u00e0 notre dernier match. On a vu qu\u2019ils ont os\u00e9, provoqu\u00e9 les choses. Ils ont de la vitesse, physiquement ils sont l\u00e0. On parle de notre centre de formation, qui est le meilleur de France. L\u00e0, ils ont leur chance. On va continuer avec eux.\u00a0\u00bb<\/p>\n<p><strong>Gregory Hofmann (Zoug, attaquant et MVP du match)<\/strong>\u00a0: \u00ab\u00a0C\u2019est un tr\u00e8s bon d\u00e9but de CHL pour nous. Je crois qu\u2019on a bien jou\u00e9. D\u00e9j\u00e0 \u00e0 Lulea, on avait fait un bon match (victoire 3-2 ap). Ce soir (lire samedi), on a r\u00e9ussi \u00e0 trouver la cl\u00e9 en mettant la bonne intensit\u00e9, m\u00eame si Grenoble a tr\u00e8s bien jou\u00e9. Leur gardien a fait un super match. Mais on a r\u00e9ussi \u00e0 marquer dans les moments-cl\u00e9\u00a0; \u00e7a, \u00e7a fait la diff\u00e9rence. Le deuxi\u00e8me but nous a redonn\u00e9 beaucoup d\u2019\u00e9nergie\u00a0: en marquant \u00e0 3 v 5, \u00e0 s\u2019en sortir sans encaisser de but. \u00c7a a donn\u00e9 le momentum \u00e0 notre \u00e9quipe. Apr\u00e8s, je crois qu\u2019on voulait continuer \u00e0 pousser\u00a0; mais on a plut\u00f4t fait l\u2019oppos\u00e9. C\u2019est normal\u00a0: on est en d\u00e9but de saison, dans notre phase de pr\u00e9paration. Gagner 3-0, 4-0, \u2026 automatiquement, tu te rel\u00e2ches un peu. On va apprendre de cela et bien se pr\u00e9parer pour la semaine, avec deux gros matchs (ERC Ingolstadt et Belfast Giants).\u00a0\u00bb\u00a0\u00a0<\/p>\n","protected":false},"excerpt":{"rendered":"Les r\u00e9actions de la soir\u00e9e Christophe Boivin (Grenoble, attaquant) : \u00ab\u00a0C\u2019est une d\u00e9faite, on n\u2019est pas fier de&hellip;\n","protected":false},"author":2,"featured_media":357182,"comment_status":"","ping_status":"","sticky":false,"template":"","format":"standard","meta":{"footnotes":""},"categories":[9566],"tags":[1111,11,2430,112,1777,674,1701,1011,27,2731,4133,10145,108,10146,12,25,517],"class_list":{"0":"post-357181","1":"post","2":"type-post","3":"status-publish","4":"format-standard","5":"has-post-thumbnail","7":"category-grenoble","8":"tag-actu","9":"tag-actualites","10":"tag-auvergne-rhone-alpes","11":"tag-edition-grenoble-agglomeration","12":"tag-eu","13":"tag-europe","14":"tag-fil-info-sport","15":"tag-fr","16":"tag-france","17":"tag-grenoble","18":"tag-hockey-sur-glace","19":"tag-hockey-sur-glace-grenoble","20":"tag-isere","21":"tag-ligue-magnus-hockey-sur-glace","22":"tag-news","23":"tag-republique-francaise","24":"tag-sport"},"share_on_mastodon":{"url":"https:\/\/pubeurope.com\/@fr\/115125926120823868","error":""},"_links":{"self":[{"href":"https:\/\/www.europesays.com\/fr\/wp-json\/wp\/v2\/posts\/357181","targetHints":{"allow":["GET"]}}],"collection":[{"href":"https:\/\/www.europesays.com\/fr\/wp-json\/wp\/v2\/posts"}],"about":[{"href":"https:\/\/www.europesays.com\/fr\/wp-json\/wp\/v2\/types\/post"}],"author":[{"embeddable":true,"href":"https:\/\/www.europesays.com\/fr\/wp-json\/wp\/v2\/users\/2"}],"replies":[{"embeddable":true,"href":"https:\/\/www.europesays.com\/fr\/wp-json\/wp\/v2\/comments?post=357181"}],"version-history":[{"count":0,"href":"https:\/\/www.europesays.com\/fr\/wp-json\/wp\/v2\/posts\/357181\/revisions"}],"wp:featuredmedia":[{"embeddable":true,"href":"https:\/\/www.europesays.com\/fr\/wp-json\/wp\/v2\/media\/357182"}],"wp:attachment":[{"href":"https:\/\/www.europesays.com\/fr\/wp-json\/wp\/v2\/media?parent=357181"}],"wp:term":[{"taxonomy":"category","embeddable":true,"href":"https:\/\/www.europesays.com\/fr\/wp-json\/wp\/v2\/categories?post=357181"},{"taxonomy":"post_tag","embeddable":true,"href":"https:\/\/www.europesays.com\/fr\/wp-json\/wp\/v2\/tags?post=357181"}],"curies":[{"name":"wp","href":"https:\/\/api.w.org\/{rel}","templated":true}]}}