{"id":357183,"date":"2025-08-31T23:18:15","date_gmt":"2025-08-31T23:18:15","guid":{"rendered":"https:\/\/www.europesays.com\/fr\/357183\/"},"modified":"2025-08-31T23:18:15","modified_gmt":"2025-08-31T23:18:15","slug":"mercato-monaco-lattaquant-breel-embolo-tout-proche-de-rennes","status":"publish","type":"post","link":"https:\/\/www.europesays.com\/fr\/357183\/","title":{"rendered":"Mercato Monaco\u00a0: l\u2019attaquant Breel Embolo tout proche de Rennes"},"content":{"rendered":"<p class=\"paragraph text_align_left lp-f-body-02\">Le Stade Rennais tient probablement sa derni\u00e8re recrue de l\u2019\u00e9t\u00e9. En qu\u00eate d\u2019un deuxi\u00e8me \u00e9l\u00e9ment offensif <a href=\"https:\/\/www.leparisien.fr\/sports\/football\/ligue-1\/mercato-rennes-lattaquant-esteban-lepaul-arrive-27-08-2025-6UXXINPYLBD6TDRQ6G3IQLF42M.php?ts=1756676628385\" target=\"_self\" rel=\"nofollow noopener\">apr\u00e8s avoir recrut\u00e9 Esteban Lepaul<\/a>, auteur de son premier but ce dimanche contre ses anciens partenaires d\u2019Angers (1-1), le club breton est proche d\u2019attirer l\u2019international suisse Breel Embolo (28 ans) en provenance de l\u2019AS Monaco.<\/p>\n<p class=\"paragraph text_align_left lp-f-body-02\">Comme annonc\u00e9 dans la soir\u00e9e par Foot Mercato, nous pouvons confirmer que Rennes et le club de la Principaut\u00e9 sont sur le point de s\u2019accorder pour le transfert de l\u2019attaquant pour une indemnit\u00e9 qui, selon nos informations, se situerait autour de 13 millions d\u2019euros. Les deux clubs ont pratiquement boucl\u00e9 l\u2019accord alors qu\u2019il restait un an de contrat \u00e0 Embolo sur le Rocher. Sauf rebondissement, il signera avant la fermeture du march\u00e9, ce lundi \u00e0 20 heures.<\/p>\n","protected":false},"excerpt":{"rendered":"Le Stade Rennais tient probablement sa derni\u00e8re recrue de l\u2019\u00e9t\u00e9. En qu\u00eate d\u2019un deuxi\u00e8me \u00e9l\u00e9ment offensif apr\u00e8s avoir&hellip;\n","protected":false},"author":2,"featured_media":357184,"comment_status":"","ping_status":"","sticky":false,"template":"","format":"standard","meta":{"footnotes":""},"categories":[2821],"tags":[1111,11,829,1777,674,63,1011,27,66,12,584,25,60],"class_list":{"0":"post-357183","1":"post","2":"type-post","3":"status-publish","4":"format-standard","5":"has-post-thumbnail","7":"category-rennes","8":"tag-actu","9":"tag-actualites","10":"tag-bretagne","11":"tag-eu","12":"tag-europe","13":"tag-football","14":"tag-fr","15":"tag-france","16":"tag-ligue-1","17":"tag-news","18":"tag-rennes","19":"tag-republique-francaise","20":"tag-sports"},"share_on_mastodon":{"url":"https:\/\/pubeurope.com\/@fr\/115125938011307993","error":""},"_links":{"self":[{"href":"https:\/\/www.europesays.com\/fr\/wp-json\/wp\/v2\/posts\/357183","targetHints":{"allow":["GET"]}}],"collection":[{"href":"https:\/\/www.europesays.com\/fr\/wp-json\/wp\/v2\/posts"}],"about":[{"href":"https:\/\/www.europesays.com\/fr\/wp-json\/wp\/v2\/types\/post"}],"author":[{"embeddable":true,"href":"https:\/\/www.europesays.com\/fr\/wp-json\/wp\/v2\/users\/2"}],"replies":[{"embeddable":true,"href":"https:\/\/www.europesays.com\/fr\/wp-json\/wp\/v2\/comments?post=357183"}],"version-history":[{"count":0,"href":"https:\/\/www.europesays.com\/fr\/wp-json\/wp\/v2\/posts\/357183\/revisions"}],"wp:featuredmedia":[{"embeddable":true,"href":"https:\/\/www.europesays.com\/fr\/wp-json\/wp\/v2\/media\/357184"}],"wp:attachment":[{"href":"https:\/\/www.europesays.com\/fr\/wp-json\/wp\/v2\/media?parent=357183"}],"wp:term":[{"taxonomy":"category","embeddable":true,"href":"https:\/\/www.europesays.com\/fr\/wp-json\/wp\/v2\/categories?post=357183"},{"taxonomy":"post_tag","embeddable":true,"href":"https:\/\/www.europesays.com\/fr\/wp-json\/wp\/v2\/tags?post=357183"}],"curies":[{"name":"wp","href":"https:\/\/api.w.org\/{rel}","templated":true}]}}