{"id":357189,"date":"2025-08-31T23:21:15","date_gmt":"2025-08-31T23:21:15","guid":{"rendered":"https:\/\/www.europesays.com\/fr\/357189\/"},"modified":"2025-08-31T23:21:15","modified_gmt":"2025-08-31T23:21:15","slug":"rassembler-partout-creer-le-tremblement-de-terre-politique-a-nice-pour-sa-rentree-le-parti-communiste-azureen-se-pose-en-trait-dunion-de-la-gauche","status":"publish","type":"post","link":"https:\/\/www.europesays.com\/fr\/357189\/","title":{"rendered":"\u00ab\u00a0Rassembler partout\u00a0\u00bb, cr\u00e9er le \u00ab\u00a0tremblement de terre\u00a0\u00bb politique \u00e0 Nice\u2026 Pour sa rentr\u00e9e, le Parti communiste azur\u00e9en se pose en trait d\u2019union de la gauche"},"content":{"rendered":"<p>\u00ab\u00a0Un r\u00f4le central\u00a0\u00bb, c\u2019est ce compte jouer le Parti communiste dans les Alpes-Maritimes en vue des \u00e9lections municipales. Pour sa rentr\u00e9e politique, organis\u00e9e ce samedi 30 ao\u00fbt en fin de journ\u00e9e sur la \u00ab\u00a0populaire\u00a0\u00bb place Saint-Roch \u00e0 Nice, le PCF 06l\u2019a martel\u00e9: en 2026, pas question de faire de la figuration.<\/p>\n<p>Devant pr\u00e8s d\u2019une centaine de personnes, Julien Picot, secr\u00e9taire d\u00e9partemental, a pos\u00e9 le parti en rassembleurs de la gauche face \u00ab\u00a0\u00e0 une droite r\u00e9actionnaire qui n\u2019a honte de rien\u00a0\u00bb. \u00ab\u00a0\u00c0 Nice, Cannes, au Cannet, Antibes, Grasse, Menton, Contes, La Trinit\u00e9, Cagnes, Saint-Laurent, Gatti\u00e8res, Vence, Saorge, Biot, Mougins, le PCF joue un r\u00f4le dans la construction de listes de rassemblement\u00a0\u00bb, a \u00e9tay\u00e9 ce quadra gestionnaire financier, <a href=\"https:\/\/www.nicematin.com\/politique\/on-vous-dit-qui-est-le-nouveau-patron-du-pcf-des-alpes-maritimes-839358\" rel=\"nofollow noopener\" target=\"_blank\">\u00e9lu la t\u00eate de l\u2019antenne locale du parti en 2023<\/a>.<\/p>\n<p>\u00c0 Contes, derni\u00e8re mairie communiste avec Tou\u00ebt-de-l\u2019Escar\u00e8ne, Francis Tujague repart. <a href=\"https:\/\/www.nicematin.com\/vie-locale\/cagnes-jamais-une-sans-deux-pour-cedric-garoyan-468426\" rel=\"nofollow noopener\" target=\"_blank\">\u00c0 Cagnes, C\u00e9dric Garoyan, PCF aussi<\/a>, prend la t\u00eate d\u2019une liste d\u2019union de la gauche&#8230; allant jusqu\u2019aux Insoumis. \u00ab\u00a0Pourvu que \u00e7a dure!\u00a0\u00bb, sourit l\u2019int\u00e9ress\u00e9, esp\u00e9rant arbitrer le duel se profilant entre le sortant Louis N\u00e8gre et le d\u00e9put\u00e9 RN Bryan Masson, en misant sur un programme \u00ab\u00a0vraiment \u00e9cologique et humaniste\u00a0\u00bb, d\u00e9taille-t-il.<\/p>\n<p>Cr\u00e9er \u00ab\u00a0le tremblement de terre\u00a0\u00bb politique \u00e0 Nice<\/p>\n<p>Au centre de cette rentr\u00e9e, la m\u00e8re des batailles est ni\u00e7oise. \u00ab\u00a0La ville est face \u00e0 un moment historique. Ici, deux droites vont s\u2019affronter: la r\u00e9actionnaire de Christian Estrosi et l\u2019extr\u00eame d\u2019\u00c9ric Ciotti, un m\u00eame projet avec deux fa\u00e7ons de le communiquer. Pour les Ni\u00e7ois, c\u2019est une opportunit\u00e9 en or pour que la gauche reprenne enfin le pouvoir! Un tremblement de terre politique, \u00e0 notre port\u00e9e\u00a0\u00bb, dixit Julien Picot, qui cro\u00eet \u00e0 une triangulaire au second tour. Et il n\u2019est pas le seul.<\/p>\n<p>Ce samedi, c\u2019est entour\u00e9s des \u00e9cologistes et socialistes ni\u00e7ois que les communistes lan\u00e7aient la bataille. Une liste d\u2019union pr\u00e9par\u00e9e pied \u00e0 pied depuis plusieurs mois. \u00ab\u00a0\u00c0 Nice, le PCF \u00e0 une longue histoire [\u00e0 la Lib\u00e9ration, le communiste drapois Virgile Barel en fut maire, Ndlr]. Depuis 2 ans, nous travaillons de mani\u00e8re constructive ensemble. \u00c0 l\u2019instar du [couple de r\u00e9sistants, Ndlr]. Avec le PCF, les socialistes, nous avons aussi produit \u00ab\u00a0, s\u2019est r\u00e9joui l\u2019\u00e9cologiste Juliette Chesnel-Leroux. \u00ab\u00a0Quelle belle image de la gauche nous offrons! Et nous ne partons pas pour sauver quelques si\u00e8ges mais pour gagner, car c\u2019est possible\u00a0\u00bb, a quant \u00e0 lui lanc\u00e9 le 1er des socialistes ni\u00e7ois, Patrick Allemand.<\/p>\n<p>Et tant pis si, dans la capitale azur\u00e9enne, l\u2019union sacr\u00e9e se fait pour l\u2019heure <a href=\"https:\/\/www.nicematin.com\/politique\/-reprenons-la-main-viva-et-lfi-co-construisent-un-mouvement-en-vue-des-elections-municipales-de-2026-a-nice-992169\" rel=\"nofollow noopener\" target=\"_blank\">sans la France insoumise<\/a>. \u00ab\u00a0Nous travaillons l\u2019union depuis janvier. Ils ont d\u00e9cid\u00e9 d\u2019en sortir mais des r\u00e9unions doivent encore avoir lieu. Ce que nous voulons, c\u2019est parler du quotidien des gens: le droit au logement, le pouvoir d\u2019achat, la gratuit\u00e9 des transports&#8230; Il faut mettre les batailles d\u2019ego de c\u00f4t\u00e9\u00a0\u00bb, soutient Julien Picot.<\/p>\n","protected":false},"excerpt":{"rendered":"\u00ab\u00a0Un r\u00f4le central\u00a0\u00bb, c\u2019est ce compte jouer le Parti communiste dans les Alpes-Maritimes en vue des \u00e9lections municipales.&hellip;\n","protected":false},"author":2,"featured_media":357190,"comment_status":"","ping_status":"","sticky":false,"template":"","format":"standard","meta":{"footnotes":""},"categories":[2819],"tags":[1111,11,1777,674,1011,27,12,2401,316,882,25],"class_list":{"0":"post-357189","1":"post","2":"type-post","3":"status-publish","4":"format-standard","5":"has-post-thumbnail","7":"category-nice","8":"tag-actu","9":"tag-actualites","10":"tag-eu","11":"tag-europe","12":"tag-fr","13":"tag-france","14":"tag-news","15":"tag-nice","16":"tag-politique","17":"tag-provence-alpes-cote-dazur","18":"tag-republique-francaise"},"share_on_mastodon":{"url":"https:\/\/pubeurope.com\/@fr\/115125949832561721","error":""},"_links":{"self":[{"href":"https:\/\/www.europesays.com\/fr\/wp-json\/wp\/v2\/posts\/357189","targetHints":{"allow":["GET"]}}],"collection":[{"href":"https:\/\/www.europesays.com\/fr\/wp-json\/wp\/v2\/posts"}],"about":[{"href":"https:\/\/www.europesays.com\/fr\/wp-json\/wp\/v2\/types\/post"}],"author":[{"embeddable":true,"href":"https:\/\/www.europesays.com\/fr\/wp-json\/wp\/v2\/users\/2"}],"replies":[{"embeddable":true,"href":"https:\/\/www.europesays.com\/fr\/wp-json\/wp\/v2\/comments?post=357189"}],"version-history":[{"count":0,"href":"https:\/\/www.europesays.com\/fr\/wp-json\/wp\/v2\/posts\/357189\/revisions"}],"wp:featuredmedia":[{"embeddable":true,"href":"https:\/\/www.europesays.com\/fr\/wp-json\/wp\/v2\/media\/357190"}],"wp:attachment":[{"href":"https:\/\/www.europesays.com\/fr\/wp-json\/wp\/v2\/media?parent=357189"}],"wp:term":[{"taxonomy":"category","embeddable":true,"href":"https:\/\/www.europesays.com\/fr\/wp-json\/wp\/v2\/categories?post=357189"},{"taxonomy":"post_tag","embeddable":true,"href":"https:\/\/www.europesays.com\/fr\/wp-json\/wp\/v2\/tags?post=357189"}],"curies":[{"name":"wp","href":"https:\/\/api.w.org\/{rel}","templated":true}]}}