{"id":357193,"date":"2025-08-31T23:23:11","date_gmt":"2025-08-31T23:23:11","guid":{"rendered":"https:\/\/www.europesays.com\/fr\/357193\/"},"modified":"2025-08-31T23:23:11","modified_gmt":"2025-08-31T23:23:11","slug":"previsions-du-lundi-1-septembre-2025-3","status":"publish","type":"post","link":"https:\/\/www.europesays.com\/fr\/357193\/","title":{"rendered":"pr\u00e9visions du lundi 1 septembre 2025"},"content":{"rendered":"<p>On observera la pr\u00e9sence persistante de nuages aujourd&rsquo;hui \u00e0 Nantes. Des pluies \u00e9parses sont pr\u00e9vues. Les temp\u00e9ratures seront de 17\u00b0C. Un petit vent de sud-ouest soufflera. Il va faire 18\u00b0C en moyenne le matin. Encore de la grisaille l&rsquo;apr\u00e8s-midi. Les nuages vont stationner. Les valeurs iront de 19 \u00e0 21\u00b0C. Le ciel va l\u00e9g\u00e8rement se d\u00e9gager dans la soir\u00e9e avec des \u00e9claircies. Le ciel sera pluvieux dans la nuit de lundi \u00e0 mardi.<\/p>\n<p>Le soleil se fera attendre demain sur Nantes, o\u00f9 des nuages sont bien install\u00e9s. Du mauvais temps est \u00e0 pr\u00e9voir. Des pluies \u00e9parses vont tomber. Un temps plus chaud est attendu \u00e9tant donn\u00e9 que le mercure va conna\u00eetre une augmentation. Il fera en moyenne 18\u00b0C. Un vent de sud-ouest est pr\u00e9vu : il soufflera \u00e0 23 km\/h. Les nuages \u00e0 pr\u00e9voir le matin, et un ciel encore maussade. Demain apr\u00e8s-midi, le soleil sera cach\u00e9 derri\u00e8re des nuages. D&rsquo;un autre c\u00f4t\u00e9, les temp\u00e9ratures vont enregistrer une hausse de quelques degr\u00e9s. Les valeurs seront comprises entre 20\u00b0C et 22\u00b0C. Demain soir, toujours des nuages dans le ciel qui emp\u00eachent le soleil de faire son apparition. Il faudra s&rsquo;attendre \u00e0 des perturbations, les Nantais se retrouveront sous des pluies \u00e9parses.<\/p>\n<p>La m\u00e9t\u00e9o restera inchang\u00e9e les prochains jours. Une m\u00e9t\u00e9o pluvieuse, avec des temp\u00e9ratures de 23\u00b0C environ, est pr\u00e9vue.<\/p>\n<p><\/p>\n","protected":false},"excerpt":{"rendered":"On observera la pr\u00e9sence persistante de nuages aujourd&rsquo;hui \u00e0 Nantes. Des pluies \u00e9parses sont pr\u00e9vues. Les temp\u00e9ratures seront&hellip;\n","protected":false},"author":2,"featured_media":357194,"comment_status":"","ping_status":"","sticky":false,"template":"","format":"standard","meta":{"footnotes":""},"categories":[2818],"tags":[1111,11,1777,674,1011,27,3047,766,12,2636,2119,25],"class_list":{"0":"post-357193","1":"post","2":"type-post","3":"status-publish","4":"format-standard","5":"has-post-thumbnail","7":"category-nantes","8":"tag-actu","9":"tag-actualites","10":"tag-eu","11":"tag-europe","12":"tag-fr","13":"tag-france","14":"tag-loire-atlantique","15":"tag-nantes","16":"tag-news","17":"tag-pays-de-la-loire","18":"tag-previsions-meteo","19":"tag-republique-francaise"},"share_on_mastodon":{"url":"https:\/\/pubeurope.com\/@fr\/115125957596628602","error":""},"_links":{"self":[{"href":"https:\/\/www.europesays.com\/fr\/wp-json\/wp\/v2\/posts\/357193","targetHints":{"allow":["GET"]}}],"collection":[{"href":"https:\/\/www.europesays.com\/fr\/wp-json\/wp\/v2\/posts"}],"about":[{"href":"https:\/\/www.europesays.com\/fr\/wp-json\/wp\/v2\/types\/post"}],"author":[{"embeddable":true,"href":"https:\/\/www.europesays.com\/fr\/wp-json\/wp\/v2\/users\/2"}],"replies":[{"embeddable":true,"href":"https:\/\/www.europesays.com\/fr\/wp-json\/wp\/v2\/comments?post=357193"}],"version-history":[{"count":0,"href":"https:\/\/www.europesays.com\/fr\/wp-json\/wp\/v2\/posts\/357193\/revisions"}],"wp:featuredmedia":[{"embeddable":true,"href":"https:\/\/www.europesays.com\/fr\/wp-json\/wp\/v2\/media\/357194"}],"wp:attachment":[{"href":"https:\/\/www.europesays.com\/fr\/wp-json\/wp\/v2\/media?parent=357193"}],"wp:term":[{"taxonomy":"category","embeddable":true,"href":"https:\/\/www.europesays.com\/fr\/wp-json\/wp\/v2\/categories?post=357193"},{"taxonomy":"post_tag","embeddable":true,"href":"https:\/\/www.europesays.com\/fr\/wp-json\/wp\/v2\/tags?post=357193"}],"curies":[{"name":"wp","href":"https:\/\/api.w.org\/{rel}","templated":true}]}}