{"id":357195,"date":"2025-08-31T23:25:24","date_gmt":"2025-08-31T23:25:24","guid":{"rendered":"https:\/\/www.europesays.com\/fr\/357195\/"},"modified":"2025-08-31T23:25:24","modified_gmt":"2025-08-31T23:25:24","slug":"des-violences-sexuelles-denoncees-dans-un-etablissement-catholique-de-nantes","status":"publish","type":"post","link":"https:\/\/www.europesays.com\/fr\/357195\/","title":{"rendered":"Des violences sexuelles d\u00e9nonc\u00e9es dans un \u00e9tablissement catholique de Nantes"},"content":{"rendered":"\n<p class=\"c-chapo \">\n  Dix anciens \u00e9l\u00e8ves d&rsquo;un lyc\u00e9e de Loire-Atlantique affirment avoir subi des viols, des attouchements, des agressions sexuelles, \u00e0 l&rsquo;internat de l&rsquo;\u00e9tablissement ou pendant un camp de vacances.\n<\/p>\n<p>            lire plus tard<\/p>\n<p id=\"dialog__title\" class=\"dialog__title\">Pour sauvegarder cet article, connectez-vous ou cr\u00e9ez un compte franceinfo<\/p>\n<p class=\"dialog__description\">Sans paiement. Sans abonnement.<\/p>\n<p>        Fermer la fen\u00eatre d\u2019activation des notifications France Info<\/p>\n<p>            cr\u00e9er votre compte<\/p>\n<p>            se connecter<\/p>\n<p>        Fermer la fen\u00eatre de pr\u00e9sentation<\/p>\n<p>    <img loading=\"lazy\" decoding=\"async\" class=\"signature__image lazyload\" width=\"100\" height=\"100\" data- alt=\"\" src=\"https:\/\/www.europesays.com\/fr\/wp-content\/uploads\/2025\/05\/64a7df4c5fe71_placeholder-36b69ec8.png\"\/><\/p>\n<p>    Publi\u00e9 le 29\/08\/2025 17:04<\/p>\n<p>        Temps de lecture : 1min<\/p>\n<p>    <img decoding=\"async\"  alt=\"La fa\u00e7ade de l'\u00e9tablissement scolaire de Saint-Stanislas, \u00e0 Nantes (Loire-Atlantique), le 2 septembre 2012. (MAXPPP)\" width=\"432\" height=\"243\" src=\"https:\/\/www.europesays.com\/fr\/wp-content\/uploads\/2025\/08\/stanislas-68b1bd81466e1682901675.jpg\" fetchpriority=\"high\"\/><\/p>\n<p>      La fa\u00e7ade de l&rsquo;\u00e9tablissement scolaire de Saint-Stanislas, \u00e0 Nantes (Loire-Atlantique), le 2 septembre 2012. (MAXPPP)<\/p>\n<p>\u00c0 quelques jours de la rentr\u00e9e, le dioc\u00e8se de Loire-Atlantique et l&rsquo;\u00e9v\u00eaque de Nantes ont affirm\u00e9, lors d&rsquo;une conf\u00e9rence de presse vendredi 29 ao\u00fbt, avoir re\u00e7u des t\u00e9moignages de violences sexuelles, notamment des viols, pendant quarante ans, des ann\u00e9es 1960 \u00e0 2000, dans un \u00e9tablissement catholique de Nantes, le lyc\u00e9e Saint-Stanislas, relate <a href=\"https:\/\/www.francebleu.fr\/infos\/faits-divers-justice\/des-vies-ont-ete-brises-revelation-d-abus-sexuels-commis-sur-plusieurs-decennies-au-lycee-saint-stanislas-de-nantes-9797016\" target=\"_blank\" rel=\"noopener nofollow\">ICI Loire Oc\u00e9an<\/a> (ex-France Bleu).<\/p>\n<p>Dix personnes se sont manifest\u00e9es et disent avoir subi des viols, des attouchements, des agressions sexuelles, commis \u00e0 l&rsquo;internat ou pendant un camp de vacances, selon les deux autorit\u00e9s religieuses. Les auteurs pr\u00e9sum\u00e9s sont cinq pr\u00eatres et un surveillant de l&rsquo;\u00e9tablissement.<\/p>\n<p>Apr\u00e8s l\u2019<a href=\"https:\/\/www.franceinfo.fr\/societe\/education\/affaire-de-violences-sexuelles-a-notre-dame-de-betharram\/affaire-betharram-17-nouvelles-plaintes-doivent-etre-deposees-mercredi-pour-violences-physiques-violences-sexuelles-et-viols_7392625.html\" rel=\"nofollow noopener\" target=\"_blank\">affaire B\u00e9tharram<\/a>, le dioc\u00e8se de Loire-Atlantique et l&rsquo;\u00e9v\u00eaque de Nantes veulent que la parole se lib\u00e8re et lancent donc un appel \u00e0 t\u00e9moins. \u00ab\u00a0Nous sommes l\u00e0 pour dire notre soutien aux victimes, mais aussi notre honte. Il faut que d&rsquo;autres victimes se manifestent\u00a0\u00bb, a insist\u00e9 monseigneur Percerou lors de la conf\u00e9rence de presse.<\/p>\n","protected":false},"excerpt":{"rendered":"Dix anciens \u00e9l\u00e8ves d&rsquo;un lyc\u00e9e de Loire-Atlantique affirment avoir subi des viols, des attouchements, des agressions sexuelles, \u00e0&hellip;\n","protected":false},"author":2,"featured_media":357196,"comment_status":"","ping_status":"","sticky":false,"template":"","format":"standard","meta":{"footnotes":""},"categories":[2818],"tags":[1111,11,1777,674,1011,27,766,12,2636,25],"class_list":{"0":"post-357195","1":"post","2":"type-post","3":"status-publish","4":"format-standard","5":"has-post-thumbnail","7":"category-nantes","8":"tag-actu","9":"tag-actualites","10":"tag-eu","11":"tag-europe","12":"tag-fr","13":"tag-france","14":"tag-nantes","15":"tag-news","16":"tag-pays-de-la-loire","17":"tag-republique-francaise"},"share_on_mastodon":{"url":"https:\/\/pubeurope.com\/@fr\/115125965621511348","error":""},"_links":{"self":[{"href":"https:\/\/www.europesays.com\/fr\/wp-json\/wp\/v2\/posts\/357195","targetHints":{"allow":["GET"]}}],"collection":[{"href":"https:\/\/www.europesays.com\/fr\/wp-json\/wp\/v2\/posts"}],"about":[{"href":"https:\/\/www.europesays.com\/fr\/wp-json\/wp\/v2\/types\/post"}],"author":[{"embeddable":true,"href":"https:\/\/www.europesays.com\/fr\/wp-json\/wp\/v2\/users\/2"}],"replies":[{"embeddable":true,"href":"https:\/\/www.europesays.com\/fr\/wp-json\/wp\/v2\/comments?post=357195"}],"version-history":[{"count":0,"href":"https:\/\/www.europesays.com\/fr\/wp-json\/wp\/v2\/posts\/357195\/revisions"}],"wp:featuredmedia":[{"embeddable":true,"href":"https:\/\/www.europesays.com\/fr\/wp-json\/wp\/v2\/media\/357196"}],"wp:attachment":[{"href":"https:\/\/www.europesays.com\/fr\/wp-json\/wp\/v2\/media?parent=357195"}],"wp:term":[{"taxonomy":"category","embeddable":true,"href":"https:\/\/www.europesays.com\/fr\/wp-json\/wp\/v2\/categories?post=357195"},{"taxonomy":"post_tag","embeddable":true,"href":"https:\/\/www.europesays.com\/fr\/wp-json\/wp\/v2\/tags?post=357195"}],"curies":[{"name":"wp","href":"https:\/\/api.w.org\/{rel}","templated":true}]}}