{"id":357197,"date":"2025-08-31T23:26:11","date_gmt":"2025-08-31T23:26:11","guid":{"rendered":"https:\/\/www.europesays.com\/fr\/357197\/"},"modified":"2025-08-31T23:26:11","modified_gmt":"2025-08-31T23:26:11","slug":"previsions-du-lundi-1-septembre-2025-4","status":"publish","type":"post","link":"https:\/\/www.europesays.com\/fr\/357197\/","title":{"rendered":"pr\u00e9visions du lundi 1 septembre 2025"},"content":{"rendered":"<p>Aujourd&rsquo;hui, le soleil sera dissimul\u00e9 derri\u00e8re des nuages \u00e0 Bordeaux, o\u00f9 le temps sera gris. Il fera 17\u00b0C en moyenne. Le matin, on sera sous un ciel bien gris, couvert de nuages. Des pluies \u00e9parses vont tomber sur la ville. Les maximales pourront atteindre 20\u00b0C et les minimales seront de 14\u00b0C. Un vent de sud-ouest soufflera l\u00e9g\u00e8rement, avec 15 km\/h. De petites averses rendront l&rsquo;apr\u00e8s-midi morose. Les valeurs seront de 19\u00b0C au minimum et de 20\u00b0C au plus haut. Un vent d&rsquo;ouest est attendu : il soufflera \u00e0 22 km\/h. Des pluies \u00e9parses tomberont dans la soir\u00e9e. Le mercure affichera 15\u00b0C en moyenne. Entre lundi et mardi, la nuit sera brumeuse.<\/p>\n<p>La grisaille ne se disperse toujours pas, il y aura encore des nuages demain. Pour Bordeaux, une m\u00e9t\u00e9o plus chaude est attendue puisque les temp\u00e9ratures vont enregistrer une augmentation. Les valeurs seront comprises entre 13 et 22\u00b0C. Un petit vent de sud-ouest sera ressenti par les habitants. Le soleil manquera le matin, car le ciel sera couvert par des nuages. Il faudra \u00eatre pr\u00e9voyant : de l\u00e9g\u00e8res averses sont \u00e0 pr\u00e9voir. Les valeurs s&rsquo;\u00e9chelonneront de 14 \u00e0 20\u00b0C. Le soleil peinera \u00e0 percer au milieu des nuages qui persisteront dans l&rsquo;apr\u00e8s-midi. Il faudra s&rsquo;attendre \u00e0 des perturbations, les Bordelais se retrouveront sous des pluies \u00e9parses. En revanche, c&rsquo;est une hausse de quelques degr\u00e9s que vont conna\u00eetre les temp\u00e9ratures. Ces valeurs afficheront entre 19 et 22\u00b0C. On notera la pr\u00e9sence persistante de nuages demain soir. Mauvais temps : on annonce des pluies \u00e9parses. Les valeurs tourneront autour des 18\u00b0C.<\/p>\n<p>Une am\u00e9lioration est pr\u00e9vue pour les jours \u00e0 venir. Il fera 26\u00b0C en moyenne pour des journ\u00e9es avec un ciel ensoleill\u00e9.<\/p>\n<p><\/p>\n","protected":false},"excerpt":{"rendered":"Aujourd&rsquo;hui, le soleil sera dissimul\u00e9 derri\u00e8re des nuages \u00e0 Bordeaux, o\u00f9 le temps sera gris. Il fera 17\u00b0C&hellip;\n","protected":false},"author":2,"featured_media":357198,"comment_status":"","ping_status":"","sticky":false,"template":"","format":"standard","meta":{"footnotes":""},"categories":[2817],"tags":[1111,11,3177,1997,1777,674,1011,27,2905,12,2219,2119,25],"class_list":{"0":"post-357197","1":"post","2":"type-post","3":"status-publish","4":"format-standard","5":"has-post-thumbnail","7":"category-bordeaux","8":"tag-actu","9":"tag-actualites","10":"tag-aquitaine","11":"tag-bordeaux","12":"tag-eu","13":"tag-europe","14":"tag-fr","15":"tag-france","16":"tag-gironde","17":"tag-news","18":"tag-nouvelle-aquitaine","19":"tag-previsions-meteo","20":"tag-republique-francaise"},"share_on_mastodon":{"url":"https:\/\/pubeurope.com\/@fr\/115125969486405105","error":""},"_links":{"self":[{"href":"https:\/\/www.europesays.com\/fr\/wp-json\/wp\/v2\/posts\/357197","targetHints":{"allow":["GET"]}}],"collection":[{"href":"https:\/\/www.europesays.com\/fr\/wp-json\/wp\/v2\/posts"}],"about":[{"href":"https:\/\/www.europesays.com\/fr\/wp-json\/wp\/v2\/types\/post"}],"author":[{"embeddable":true,"href":"https:\/\/www.europesays.com\/fr\/wp-json\/wp\/v2\/users\/2"}],"replies":[{"embeddable":true,"href":"https:\/\/www.europesays.com\/fr\/wp-json\/wp\/v2\/comments?post=357197"}],"version-history":[{"count":0,"href":"https:\/\/www.europesays.com\/fr\/wp-json\/wp\/v2\/posts\/357197\/revisions"}],"wp:featuredmedia":[{"embeddable":true,"href":"https:\/\/www.europesays.com\/fr\/wp-json\/wp\/v2\/media\/357198"}],"wp:attachment":[{"href":"https:\/\/www.europesays.com\/fr\/wp-json\/wp\/v2\/media?parent=357197"}],"wp:term":[{"taxonomy":"category","embeddable":true,"href":"https:\/\/www.europesays.com\/fr\/wp-json\/wp\/v2\/categories?post=357197"},{"taxonomy":"post_tag","embeddable":true,"href":"https:\/\/www.europesays.com\/fr\/wp-json\/wp\/v2\/tags?post=357197"}],"curies":[{"name":"wp","href":"https:\/\/api.w.org\/{rel}","templated":true}]}}