{"id":357199,"date":"2025-08-31T23:27:14","date_gmt":"2025-08-31T23:27:14","guid":{"rendered":"https:\/\/www.europesays.com\/fr\/357199\/"},"modified":"2025-08-31T23:27:14","modified_gmt":"2025-08-31T23:27:14","slug":"matthieu-villette-arriver-a-bordeaux-avec-un-statut-de-buteur-dans-ce-championnat-cest-complique-je-suis-attendu","status":"publish","type":"post","link":"https:\/\/www.europesays.com\/fr\/357199\/","title":{"rendered":"Matthieu Villette : \u00ab\u00a0Arriver \u00e0 Bordeaux avec un statut de buteur dans ce championnat, c\u2019est compliqu\u00e9. Je suis attendu\u00a0\u00bb"},"content":{"rendered":"<p><img width=\"773\" height=\"380\" data-lazy-type=\"image\" src=\"https:\/\/www.europesays.com\/fr\/wp-content\/uploads\/2025\/08\/bandicam-2025-08-14-19-04-34-741-773x380.jpg\" class=\"lazy lazy-hidden attachment-alchemists_thumbnail-lg size-alchemists_thumbnail-lg wp-post-image\" alt=\"\" decoding=\"async\" fetchpriority=\"high\"\/><\/p>\n<p>Ca y est, <strong>Matthieu Villette<\/strong> a ouvert son<br \/>\ncompteur buts avec son nouveau club, les Girondins de Bordeaux. Ce<br \/>\nfut ce samedi soir sur le terrain des Voltigeurs de Ch\u00e2teaubriant,<br \/>\nalors qu\u2019il \u00e9tait rentr\u00e9 \u00e0 la mi-temps du match. L\u2019attaquant<br \/>\nbordelais a r\u00e9agi, aupr\u00e8s de <a href=\"https:\/\/www.ouest-france.fr\/\" rel=\"nofollow noopener\" target=\"_blank\">Ouest-France<\/a>, sur ce qu\u2019il a<br \/>\nressenti.<\/p>\n<blockquote>\n<p>\u00ab Arriver \u00e0 Bordeaux avec un statut de buteur dans ce<br \/>\nchampionnat, c\u2019est compliqu\u00e9. Je suis attendu. Ce but fait du bien<br \/>\nmais ce n\u2019est pas une fin en soi. On s\u2019est fait punir sur un<br \/>\nmagnifique but, mais on est revenu avec les m\u00eames intentions. Ce<br \/>\nsont des victoires qui forgent un groupe, donc c\u2019est de bon augure<br \/>\npour la suite \u00bb.<\/p>\n<\/blockquote>\n<p>Puis, ce fut au tour du seul buteur de Ch\u00e2teaubriant \u2013 mais quel<br \/>\nbut ! \u2013 <strong>Alexandre Leroyer<\/strong>, de donner \u00e9galement son<br \/>\nressenti.<\/p>\n<blockquote>\n<p>\u00ab C\u2019est bien de marquer, mais si c\u2019est pour perdre comme on l\u2019a<br \/>\nfait, \u00e7a ne sert pas \u00e0 grand-chose. C\u2019est bien pour les<br \/>\nstatistiques, mais je ne suis pas trop l\u00e0-dedans. On a eu la chance<br \/>\nde mener au score. \u00c0 la mi-temps, on s\u2019est dit qu\u2019on allait tout<br \/>\nfaire pour garder ce score ou au moins d\u00e9crocher un match nul. On<br \/>\nvoit qu\u2019il y a des manques partout, on est jeunes. Ces trois buts,<br \/>\nc\u2019est notre faute. Il nous manque de l\u2019exp\u00e9rience \u00bb.<\/p>\n<\/blockquote>\n<p style=\"text-align: center;\"><img loading=\"lazy\" decoding=\"async\" class=\"lazy lazy-hidden alignnone size-full wp-image-560533\" data-lazy-type=\"image\" src=\"https:\/\/www.europesays.com\/fr\/wp-content\/uploads\/2025\/08\/bandicam-2025-08-23-18-00-08-887.jpg\" alt=\"\" width=\"1054\" height=\"703\"  \/><\/p>\n","protected":false},"excerpt":{"rendered":"Ca y est, Matthieu Villette a ouvert son compteur buts avec son nouveau club, les Girondins de Bordeaux.&hellip;\n","protected":false},"author":2,"featured_media":357200,"comment_status":"","ping_status":"","sticky":false,"template":"","format":"standard","meta":{"footnotes":""},"categories":[2817],"tags":[1111,11,1997,1777,674,1011,27,12,2219,25],"class_list":{"0":"post-357199","1":"post","2":"type-post","3":"status-publish","4":"format-standard","5":"has-post-thumbnail","7":"category-bordeaux","8":"tag-actu","9":"tag-actualites","10":"tag-bordeaux","11":"tag-eu","12":"tag-europe","13":"tag-fr","14":"tag-france","15":"tag-news","16":"tag-nouvelle-aquitaine","17":"tag-republique-francaise"},"share_on_mastodon":{"url":"https:\/\/pubeurope.com\/@fr\/115125973566010118","error":""},"_links":{"self":[{"href":"https:\/\/www.europesays.com\/fr\/wp-json\/wp\/v2\/posts\/357199","targetHints":{"allow":["GET"]}}],"collection":[{"href":"https:\/\/www.europesays.com\/fr\/wp-json\/wp\/v2\/posts"}],"about":[{"href":"https:\/\/www.europesays.com\/fr\/wp-json\/wp\/v2\/types\/post"}],"author":[{"embeddable":true,"href":"https:\/\/www.europesays.com\/fr\/wp-json\/wp\/v2\/users\/2"}],"replies":[{"embeddable":true,"href":"https:\/\/www.europesays.com\/fr\/wp-json\/wp\/v2\/comments?post=357199"}],"version-history":[{"count":0,"href":"https:\/\/www.europesays.com\/fr\/wp-json\/wp\/v2\/posts\/357199\/revisions"}],"wp:featuredmedia":[{"embeddable":true,"href":"https:\/\/www.europesays.com\/fr\/wp-json\/wp\/v2\/media\/357200"}],"wp:attachment":[{"href":"https:\/\/www.europesays.com\/fr\/wp-json\/wp\/v2\/media?parent=357199"}],"wp:term":[{"taxonomy":"category","embeddable":true,"href":"https:\/\/www.europesays.com\/fr\/wp-json\/wp\/v2\/categories?post=357199"},{"taxonomy":"post_tag","embeddable":true,"href":"https:\/\/www.europesays.com\/fr\/wp-json\/wp\/v2\/tags?post=357199"}],"curies":[{"name":"wp","href":"https:\/\/api.w.org\/{rel}","templated":true}]}}