{"id":357205,"date":"2025-08-31T23:31:12","date_gmt":"2025-08-31T23:31:12","guid":{"rendered":"https:\/\/www.europesays.com\/fr\/357205\/"},"modified":"2025-08-31T23:31:12","modified_gmt":"2025-08-31T23:31:12","slug":"previsions-du-lundi-1-septembre-2025-5","status":"publish","type":"post","link":"https:\/\/www.europesays.com\/fr\/357205\/","title":{"rendered":"pr\u00e9visions du lundi 1 septembre 2025"},"content":{"rendered":"<p>\u00c0 Lille, on pr\u00e9voit une embellie pour cette journ\u00e9e. Les valeurs s&rsquo;\u00e9chelonneront de 14 \u00e0 23\u00b0C. Une petite brise de sud-ouest sera ressentie par les habitants. L&rsquo;apr\u00e8s-midi, c&rsquo;est une hausse de quelques degr\u00e9s que vont conna\u00eetre les temp\u00e9ratures. Ces valeurs seront de 21\u00b0C au minimum et de 23\u00b0C au plus haut. La ville profitera de quelques \u00e9claircies le soir. Le passage de lundi \u00e0 mardi se fera sous un ciel d\u00e9pourvu de nuages.<\/p>\n<p>Demain, les temp\u00e9ratures vont descendre de quelques degr\u00e9s \u00e0 Lille. Le thermom\u00e8tre affichera 18\u00b0C en moyenne. Un vent de sud-ouest rafra\u00eechira sensiblement l&rsquo;atmosph\u00e8re. C&rsquo;est un soleil magnifique qui va se montrer le matin. Le ciel va quelque peu se d\u00e9gager dans l&rsquo;apr\u00e8s-midi avec des \u00e9claircies. Les temp\u00e9ratures vont enregistrer une augmentation de quelques degr\u00e9s. Les valeurs afficheront entre 19\u00b0C et 23\u00b0C. De la bruine va tomber durant la soir\u00e9e. On anticipe des temp\u00e9ratures d&rsquo;environ 18\u00b0C.<\/p>\n<p>Les conditions m\u00e9t\u00e9orologiques vont se d\u00e9grader dans les jours suivants. Il fera 24\u00b0C en moyenne pour des journ\u00e9es avec un ciel pluvieux.<\/p>\n<p><\/p>\n","protected":false},"excerpt":{"rendered":"\u00c0 Lille, on pr\u00e9voit une embellie pour cette journ\u00e9e. Les valeurs s&rsquo;\u00e9chelonneront de 14 \u00e0 23\u00b0C. Une petite&hellip;\n","protected":false},"author":2,"featured_media":357206,"comment_status":"","ping_status":"","sticky":false,"template":"","format":"standard","meta":{"footnotes":""},"categories":[2815],"tags":[1111,11,1777,674,1011,27,811,1307,12,1308,1309,2119,25],"class_list":{"0":"post-357205","1":"post","2":"type-post","3":"status-publish","4":"format-standard","5":"has-post-thumbnail","7":"category-lille","8":"tag-actu","9":"tag-actualites","10":"tag-eu","11":"tag-europe","12":"tag-fr","13":"tag-france","14":"tag-hauts-de-france","15":"tag-lille","16":"tag-news","17":"tag-nord","18":"tag-nord-pas-de-calais","19":"tag-previsions-meteo","20":"tag-republique-francaise"},"share_on_mastodon":{"url":"https:\/\/pubeurope.com\/@fr\/115125989155131776","error":""},"_links":{"self":[{"href":"https:\/\/www.europesays.com\/fr\/wp-json\/wp\/v2\/posts\/357205","targetHints":{"allow":["GET"]}}],"collection":[{"href":"https:\/\/www.europesays.com\/fr\/wp-json\/wp\/v2\/posts"}],"about":[{"href":"https:\/\/www.europesays.com\/fr\/wp-json\/wp\/v2\/types\/post"}],"author":[{"embeddable":true,"href":"https:\/\/www.europesays.com\/fr\/wp-json\/wp\/v2\/users\/2"}],"replies":[{"embeddable":true,"href":"https:\/\/www.europesays.com\/fr\/wp-json\/wp\/v2\/comments?post=357205"}],"version-history":[{"count":0,"href":"https:\/\/www.europesays.com\/fr\/wp-json\/wp\/v2\/posts\/357205\/revisions"}],"wp:featuredmedia":[{"embeddable":true,"href":"https:\/\/www.europesays.com\/fr\/wp-json\/wp\/v2\/media\/357206"}],"wp:attachment":[{"href":"https:\/\/www.europesays.com\/fr\/wp-json\/wp\/v2\/media?parent=357205"}],"wp:term":[{"taxonomy":"category","embeddable":true,"href":"https:\/\/www.europesays.com\/fr\/wp-json\/wp\/v2\/categories?post=357205"},{"taxonomy":"post_tag","embeddable":true,"href":"https:\/\/www.europesays.com\/fr\/wp-json\/wp\/v2\/tags?post=357205"}],"curies":[{"name":"wp","href":"https:\/\/api.w.org\/{rel}","templated":true}]}}