{"id":357207,"date":"2025-08-31T23:32:13","date_gmt":"2025-08-31T23:32:13","guid":{"rendered":"https:\/\/www.europesays.com\/fr\/357207\/"},"modified":"2025-08-31T23:32:13","modified_gmt":"2025-08-31T23:32:13","slug":"video-un-incendie-ravage-un-entrepot-de-la-societe-aldi-a-marseille-des-denrees-alimentaires-detruites","status":"publish","type":"post","link":"https:\/\/www.europesays.com\/fr\/357207\/","title":{"rendered":"VID\u00c9O. Un incendie ravage un entrep\u00f4t de la soci\u00e9t\u00e9 Aldi \u00e0 Marseille, des denr\u00e9es alimentaires d\u00e9truites"},"content":{"rendered":"<p>Ce samedi soir, un feu tr\u00e8s virulent s\u2019est d\u00e9clar\u00e9 dans le 2\u00e8me arrondissement de la ville de Marseille, au niveau du boulevard de Paris. Un entrep\u00f4t de la soci\u00e9t\u00e9 Aldi de\u00a01000 m\u00b2, a \u00e9t\u00e9 la proie des flammes provoquant un \u00e9norme panache de fum\u00e9e.<\/p>\n<p>Les marins-pompiers de Marseille se sont d\u00e9plac\u00e9s en nombre pour venir \u00e0 de l\u2019incendie qui a \u00e9t\u00e9 ma\u00eetris\u00e9, puis \u00e9teint \u00e0 7h10 ce dimanche matin. Un noyage est toujours en cours<\/p>\n<p>Un premier bilan fait \u00e9tat d\u2019un rayon de 25 m\u00e8tres du magasin Adli, au rez-de-chauss\u00e9e, qui a \u00e9t\u00e9 ravag\u00e9 par les flammes. Toutes les denr\u00e9es alimentaires qui s\u2019y trouvaient ont \u00e9t\u00e9 perdues. Le confinement des habitations alentours a \u00e9t\u00e9 lev\u00e9 et la circulation r\u00e9tablie. Une enqu\u00eate est ouverte pour d\u00e9terminer les causes de l\u2019incendie. Aucune piste n\u2019est \u00e9cart\u00e9e \u00e0 ce stade.<\/p>\n","protected":false},"excerpt":{"rendered":"Ce samedi soir, un feu tr\u00e8s virulent s\u2019est d\u00e9clar\u00e9 dans le 2\u00e8me arrondissement de la ville de Marseille,&hellip;\n","protected":false},"author":2,"featured_media":357208,"comment_status":"","ping_status":"","sticky":false,"template":"","format":"standard","meta":{"footnotes":""},"categories":[2814],"tags":[17,1111,11,18631,42364,1777,674,274,1011,27,1310,884,12,882,15428,25,104,133],"class_list":{"0":"post-357207","1":"post","2":"type-post","3":"status-publish","4":"format-standard","5":"has-post-thumbnail","7":"category-marseille","8":"tag-17","9":"tag-actu","10":"tag-actualites","11":"tag-aldi","12":"tag-entrepot","13":"tag-eu","14":"tag-europe","15":"tag-faits-divers-justice","16":"tag-fr","17":"tag-france","18":"tag-incendie","19":"tag-marseille","20":"tag-news","21":"tag-provence-alpes-cote-dazur","22":"tag-ravage","23":"tag-republique-francaise","24":"tag-societe","25":"tag-video"},"share_on_mastodon":{"url":"https:\/\/pubeurope.com\/@fr\/115125993182911584","error":""},"_links":{"self":[{"href":"https:\/\/www.europesays.com\/fr\/wp-json\/wp\/v2\/posts\/357207","targetHints":{"allow":["GET"]}}],"collection":[{"href":"https:\/\/www.europesays.com\/fr\/wp-json\/wp\/v2\/posts"}],"about":[{"href":"https:\/\/www.europesays.com\/fr\/wp-json\/wp\/v2\/types\/post"}],"author":[{"embeddable":true,"href":"https:\/\/www.europesays.com\/fr\/wp-json\/wp\/v2\/users\/2"}],"replies":[{"embeddable":true,"href":"https:\/\/www.europesays.com\/fr\/wp-json\/wp\/v2\/comments?post=357207"}],"version-history":[{"count":0,"href":"https:\/\/www.europesays.com\/fr\/wp-json\/wp\/v2\/posts\/357207\/revisions"}],"wp:featuredmedia":[{"embeddable":true,"href":"https:\/\/www.europesays.com\/fr\/wp-json\/wp\/v2\/media\/357208"}],"wp:attachment":[{"href":"https:\/\/www.europesays.com\/fr\/wp-json\/wp\/v2\/media?parent=357207"}],"wp:term":[{"taxonomy":"category","embeddable":true,"href":"https:\/\/www.europesays.com\/fr\/wp-json\/wp\/v2\/categories?post=357207"},{"taxonomy":"post_tag","embeddable":true,"href":"https:\/\/www.europesays.com\/fr\/wp-json\/wp\/v2\/tags?post=357207"}],"curies":[{"name":"wp","href":"https:\/\/api.w.org\/{rel}","templated":true}]}}