{"id":357209,"date":"2025-08-31T23:33:11","date_gmt":"2025-08-31T23:33:11","guid":{"rendered":"https:\/\/www.europesays.com\/fr\/357209\/"},"modified":"2025-08-31T23:33:11","modified_gmt":"2025-08-31T23:33:11","slug":"om-la-petite-phrase-de-rulli-qui-va-encore-mettre-le-feu-au-vestiaire","status":"publish","type":"post","link":"https:\/\/www.europesays.com\/fr\/357209\/","title":{"rendered":"OM : La petite phrase de Rulli qui va encore mettre le feu au vestiaire"},"content":{"rendered":"<p data-testid=\"article-teaser\">Apr\u00e8s la d\u00e9faite dans l&rsquo;Olympico, le gardien marseillais a point\u00e9 du doigt un fait de jeu d\u00e9cisif. Entre les lignes, ses mots sonnent comme une critique \u00e0 peine voil\u00e9e envers un de ses co\u00e9quipiers.<\/p>\n<p><a href=\"https:\/\/www.goal.com\/fr\/listes\/ol-om-lyon-s-impose-sur-le-fil-et-s-offre-l-olympico-1-0\/blt87ef737e05751901\" target=\"_self\" rel=\"noopener\">L&rsquo;Olympique de Marseille est tomb\u00e9 \u00e0 Lyon (1-0),<\/a> et les t\u00eates \u00e9taient basses au coup de sifflet final. Rapidement r\u00e9duit \u00e0 dix, l&rsquo;OM a subi pendant une grande partie du match avant de c\u00e9der en fin de rencontre. Au micro de\u00a0Ligue 1+, le gardien Geronimo Rulli a analys\u00e9 \u00e0 chaud cette nouvelle d\u00e9convenue. Et ses mots, derri\u00e8re une apparente lucidit\u00e9, ont une r\u00e9sonance toute particuli\u00e8re dans le contexte actuel du vestiaire marseillais.<\/p>\n<p>\u00ab\u00a0Le carton rouge \u00e9tait tr\u00e8s \u00e9vitable\u00a0\u00bb<\/p>\n<p>Le tournant du match, tout le monde l&rsquo;a vu : l&rsquo;expulsion de CJ Egan-Riley d\u00e8s la 29e minute. Sur ce fait de jeu, le gardien argentin n&rsquo;a pas tourn\u00e9 autour du pot. \u00ab\u00a0Le carton rouge \u00e9tait tr\u00e8s \u00e9vitable\u00a0\u00bb, a-t-il l\u00e2ch\u00e9, avant d&rsquo;ajouter : \u00ab\u00a0\u00c0 ce moment-l\u00e0, le match a chang\u00e9 en faveur de Lyon.\u00a0\u00bb <a href=\"https:\/\/rmcsport.bfmtv.com\/football\/ligue-1\/direct-ol-om-suivez-le-match-de-la-3e-journee-de-ligue-1-entre-lyon-et-marseille-en-live_LS-202508310152.html\" target=\"_self\" rel=\"noopener\">Une phrase courte, factuelle, mais qui sonne comme une charge.<\/a> En pointant l&rsquo;erreur de son jeune co\u00e9quipier, Rulli ne se cache pas. Il d\u00e9signe, subtilement mais s\u00fbrement, un responsable.<\/p>\n<p>Cette sortie m\u00e9diatique n&rsquo;est pas anodine. On se souvient qu&rsquo;il y a quelques semaines \u00e0 peine, apr\u00e8s la d\u00e9faite \u00e0 Rennes, <a href=\"https:\/\/www.goal.com\/fr\/news\/marseille-comment-l-affaire-rabiot-a-failli-provoquer-le-depart-de-geronimo-rulli\/blt78e91a678765cfda\" target=\"_self\" rel=\"noopener\">c&rsquo;est une sortie du m\u00eame Rulli, agac\u00e9 par le comportement de certains<\/a>, qui avait mis le feu au vestiaire et d\u00e9clench\u00e9 l&rsquo;altercation <a href=\"https:\/\/www.goal.com\/fr\/listes\/ligue-1-l-annonce-fracassante-de-l-om-sur-adrien-rabiot-et-jonathan-rowe\/blt44944869f17c1c0e\" target=\"_self\" rel=\"noopener\">qui a conduit \u00e0 la mise \u00e0 l&rsquo;\u00e9cart d&rsquo;Adrien Rabiot et Jonathan Rowe<\/a>. L&rsquo;affaire l&rsquo;avait tellement touch\u00e9 <a href=\"https:\/\/www.lequipe.fr\/Football\/Article\/Rulli-des-etats-d-ame-a-digerer-apres-la-bagarre-du-roazhon-park\/1589066\" target=\"_self\" rel=\"noopener\">qu&rsquo;il aurait m\u00eame song\u00e9 \u00e0 quitter le club.<\/a><\/p>\n<p><img class=\"fco-image__image\" alt=\"FBL-FRA-LIGUE1-LYON-MARSEILLE\"   loading=\"lazy\" decoding=\"async\" fetchpriority=\"auto\" width=\"4925\" height=\"3283\" src=\"https:\/\/www.europesays.com\/fr\/wp-content\/uploads\/2025\/08\/GettyImages-2232499227.jpg\" style=\"aspect-ratio:4925 \/ 3283;width:100%;height:100%\"\/>Getty Images<\/p>\n<p>Rulli, le pompier pyromane ?<\/p>\n<p>Manifestement, l&rsquo;\u00e9pisode ne lui a pas servi de le\u00e7on. Alors que le vestiaire a besoin de s\u00e9r\u00e9nit\u00e9, le voil\u00e0 qui remet une pi\u00e8ce dans la machine en ciblant publiquement un partenaire. On peut y voir la franchise d&rsquo;un leader qui dit les choses. On peut aussi y voir la maladresse d&rsquo;un joueur qui ne mesure pas l&rsquo;impact de ses paroles. Ou pire, une tendance \u00e0 se d\u00e9douaner en montrant les autres du doigt.<\/p>\n<p>On conna\u00eet la chanson : quand un vestiaire est fragilis\u00e9, la moindre \u00e9tincelle peut relancer l&rsquo;incendie. En s&rsquo;exprimant de la sorte, Rulli prend le risque de tendre \u00e0 nouveau l&rsquo;atmosph\u00e8re. Il demande \u00e0 ses co\u00e9quipiers de \u00ab\u00a0chercher la solution plus vite sur le terrain\u00a0\u00bb, mais la premi\u00e8re solution serait peut-\u00eatre de laver son linge sale en famille. Car \u00e0 force de jouer les pompiers pyromanes, le gardien argentin pourrait bien finir par se br\u00fbler lui-m\u00eame.<\/p>\n","protected":false},"excerpt":{"rendered":"Apr\u00e8s la d\u00e9faite dans l&rsquo;Olympico, le gardien marseillais a point\u00e9 du doigt un fait de jeu d\u00e9cisif. Entre&hellip;\n","protected":false},"author":2,"featured_media":357210,"comment_status":"","ping_status":"","sticky":false,"template":"","format":"standard","meta":{"footnotes":""},"categories":[2814],"tags":[1111,11,46127,1777,674,1011,27,49287,66,2428,47732,884,12,882,25],"class_list":{"0":"post-357209","1":"post","2":"type-post","3":"status-publish","4":"format-standard","5":"has-post-thumbnail","7":"category-marseille","8":"tag-actu","9":"tag-actualites","10":"tag-c-egan-riley","11":"tag-eu","12":"tag-europe","13":"tag-fr","14":"tag-france","15":"tag-g-rulli","16":"tag-ligue-1","17":"tag-lyon","18":"tag-lyon-vs-marseille","19":"tag-marseille","20":"tag-news","21":"tag-provence-alpes-cote-dazur","22":"tag-republique-francaise"},"share_on_mastodon":{"url":"https:\/\/pubeurope.com\/@fr\/115125997018301949","error":""},"_links":{"self":[{"href":"https:\/\/www.europesays.com\/fr\/wp-json\/wp\/v2\/posts\/357209","targetHints":{"allow":["GET"]}}],"collection":[{"href":"https:\/\/www.europesays.com\/fr\/wp-json\/wp\/v2\/posts"}],"about":[{"href":"https:\/\/www.europesays.com\/fr\/wp-json\/wp\/v2\/types\/post"}],"author":[{"embeddable":true,"href":"https:\/\/www.europesays.com\/fr\/wp-json\/wp\/v2\/users\/2"}],"replies":[{"embeddable":true,"href":"https:\/\/www.europesays.com\/fr\/wp-json\/wp\/v2\/comments?post=357209"}],"version-history":[{"count":0,"href":"https:\/\/www.europesays.com\/fr\/wp-json\/wp\/v2\/posts\/357209\/revisions"}],"wp:featuredmedia":[{"embeddable":true,"href":"https:\/\/www.europesays.com\/fr\/wp-json\/wp\/v2\/media\/357210"}],"wp:attachment":[{"href":"https:\/\/www.europesays.com\/fr\/wp-json\/wp\/v2\/media?parent=357209"}],"wp:term":[{"taxonomy":"category","embeddable":true,"href":"https:\/\/www.europesays.com\/fr\/wp-json\/wp\/v2\/categories?post=357209"},{"taxonomy":"post_tag","embeddable":true,"href":"https:\/\/www.europesays.com\/fr\/wp-json\/wp\/v2\/tags?post=357209"}],"curies":[{"name":"wp","href":"https:\/\/api.w.org\/{rel}","templated":true}]}}