{"id":357211,"date":"2025-08-31T23:34:10","date_gmt":"2025-08-31T23:34:10","guid":{"rendered":"https:\/\/www.europesays.com\/fr\/357211\/"},"modified":"2025-08-31T23:34:10","modified_gmt":"2025-08-31T23:34:10","slug":"the-ink-factory-radio-scoop","status":"publish","type":"post","link":"https:\/\/www.europesays.com\/fr\/357211\/","title":{"rendered":"The Ink Factory &#8211; Radio SCOOP"},"content":{"rendered":"<p>Rendez-vous du vendredi 19 au dimanche 21 septembre 2025, \u00e0 la Halle Tony Garnier \u00e0 Lyon.<\/p>\n<p><b>The Ink Factory<\/b> est la convention internationale de <b>tatouages<\/b> de Lyon, qui accueille chaque ann\u00e9e des centaines de <b>tatoueurs<\/b> venus du monde entier pour cette occasion.<\/p>\n<p>Cr\u00e9\u00e9e en 2018, elle a pour objectif de r\u00e9unir des <b>artistes<\/b> de renomm\u00e9e internationale et mettre en lumi\u00e8re cet <b>art s\u00e9culaire<\/b> en accueillant un public de passionn\u00e9s comme de novices autour d&rsquo;un \u00e9v\u00e8nement 100% artistique.<\/p>\n<p>Durant 3 jours, vous aurez le plaisir de les voir r\u00e9aliser des centaines d&rsquo;\u0153uvres d&rsquo;art qui resteront \u00e0 jamais grav\u00e9es. Vos journ\u00e9es seront rythm\u00e9es par des concerts, animations et concours afin de vous immerger dans un univers d\u00e9di\u00e9 \u00e0 la culture <b>tattoo<\/b>.<\/p>\n<p>Rendez-vous du vendredi 19 au dimanche 21 septembre 2025, <br \/>\u00e0 la Halle Tony Garnier \u00e0 Lyon<\/p>\n<p>Infos pratiques :<br \/>&#8211; Horaires vendredi : de 13h \u00e0 23h<br \/>&#8211; Horaires samedi : de 11h \u00e0 22h<br \/>&#8211; Horaires dimanche : de 11h \u00e0 20h<br \/>&#8211; Tarifs : de 18 \u00e0 45 euros<br \/>&#8211; Adresse : 20 Place Docteurs Charles et Christophe M\u00e9rieux, 69007 Lyon<\/p>\n<p>Plus d&rsquo;infos et billetterie sur le site <a class=\"url\" href=\"https:\/\/www.theinkfactory.fr\/\" target=\"_blank\" rel=\"nofollow noopener\">The Ink Factory<\/a>.<\/p>\n<p>Radio SCOOP est partenaire de l&rsquo;\u00e9v\u00e8nement<\/p>\n<tr>\n<td class=\"defaut\"><a href=\"https:\/\/www.radioscoop.com\/agenda\/javascript:void(0)\" onclick=\"parent.RS.diaporama.addMedia(704217) ;\" rel=\"nofollow noopener\" target=\"_blank\"><img loading=\"lazy\" decoding=\"async\" src=\"https:\/\/www.europesays.com\/fr\/wp-content\/uploads\/2025\/08\/1756683250_648_img\" width=\"410\" height=\"640\" border=\"0\" title=\"The Ink Factory\"\/><\/a><\/td>\n<\/tr>\n<p><\/p>\n","protected":false},"excerpt":{"rendered":"Rendez-vous du vendredi 19 au dimanche 21 septembre 2025, \u00e0 la Halle Tony Garnier \u00e0 Lyon. The Ink&hellip;\n","protected":false},"author":2,"featured_media":357212,"comment_status":"","ping_status":"","sticky":false,"template":"","format":"standard","meta":{"footnotes":""},"categories":[1889],"tags":[1111,11,1063,3734,2937,2430,4156,903,1777,674,1011,27,31381,2428,49289,12,25,22290,49290,16782,49288],"class_list":{"0":"post-357211","1":"post","2":"type-post","3":"status-publish","4":"format-standard","5":"has-post-thumbnail","7":"category-lyon","8":"tag-actu","9":"tag-actualites","10":"tag-animations","11":"tag-art","12":"tag-artistes","13":"tag-auvergne-rhone-alpes","14":"tag-concerts","15":"tag-concours","16":"tag-eu","17":"tag-europe","18":"tag-fr","19":"tag-france","20":"tag-halle-tony-garnier","21":"tag-lyon","22":"tag-lyon-convention","23":"tag-news","24":"tag-republique-francaise","25":"tag-tatouages","26":"tag-tatoueurs","27":"tag-tattoo","28":"tag-the-ink-factory"},"share_on_mastodon":{"url":"https:\/\/pubeurope.com\/@fr\/115126000932965073","error":""},"_links":{"self":[{"href":"https:\/\/www.europesays.com\/fr\/wp-json\/wp\/v2\/posts\/357211","targetHints":{"allow":["GET"]}}],"collection":[{"href":"https:\/\/www.europesays.com\/fr\/wp-json\/wp\/v2\/posts"}],"about":[{"href":"https:\/\/www.europesays.com\/fr\/wp-json\/wp\/v2\/types\/post"}],"author":[{"embeddable":true,"href":"https:\/\/www.europesays.com\/fr\/wp-json\/wp\/v2\/users\/2"}],"replies":[{"embeddable":true,"href":"https:\/\/www.europesays.com\/fr\/wp-json\/wp\/v2\/comments?post=357211"}],"version-history":[{"count":0,"href":"https:\/\/www.europesays.com\/fr\/wp-json\/wp\/v2\/posts\/357211\/revisions"}],"wp:featuredmedia":[{"embeddable":true,"href":"https:\/\/www.europesays.com\/fr\/wp-json\/wp\/v2\/media\/357212"}],"wp:attachment":[{"href":"https:\/\/www.europesays.com\/fr\/wp-json\/wp\/v2\/media?parent=357211"}],"wp:term":[{"taxonomy":"category","embeddable":true,"href":"https:\/\/www.europesays.com\/fr\/wp-json\/wp\/v2\/categories?post=357211"},{"taxonomy":"post_tag","embeddable":true,"href":"https:\/\/www.europesays.com\/fr\/wp-json\/wp\/v2\/tags?post=357211"}],"curies":[{"name":"wp","href":"https:\/\/api.w.org\/{rel}","templated":true}]}}