{"id":357213,"date":"2025-08-31T23:35:19","date_gmt":"2025-08-31T23:35:19","guid":{"rendered":"https:\/\/www.europesays.com\/fr\/357213\/"},"modified":"2025-08-31T23:35:19","modified_gmt":"2025-08-31T23:35:19","slug":"previsions-du-lundi-1-septembre-2025-6","status":"publish","type":"post","link":"https:\/\/www.europesays.com\/fr\/357213\/","title":{"rendered":"pr\u00e9visions du lundi 1 septembre 2025"},"content":{"rendered":"<p>Le soleil se fera attendre aujourd&rsquo;hui sur Lyon, o\u00f9 des nuages sont bien install\u00e9s. Les temp\u00e9ratures avoisineront les 18\u00b0C. Un vent de sud-est soufflera doucement. Le matin, le soleil risque d&rsquo;\u00eatre dissimul\u00e9 par des nuages. Des pluies \u00e9parses sont pr\u00e9vues. Le thermom\u00e8tre affichera 17\u00b0C en moyenne. Il y a une menace d&rsquo;averses l&rsquo;apr\u00e8s-midi. Les valeurs afficheront entre 19 et 21\u00b0C. Des pluies \u00e9parses sont attendues dans la soir\u00e9e. Les temp\u00e9ratures seront de 16\u00b0C. On pr\u00e9voit une nuit claire entre lundi et mardi.<\/p>\n<p>La m\u00e9t\u00e9o va se r\u00e9chauffer demain \u00e0 Lyon avec une augmentation de quelques degr\u00e9s. Il fera environ 19\u00b0C. La m\u00e9t\u00e9o devrait s&rsquo;am\u00e9liorer pendant la matin\u00e9e. Un vent d&rsquo;ouest rafra\u00eechira l\u00e9g\u00e8rement l&rsquo;atmosph\u00e8re. L&rsquo;apr\u00e8s-midi qui s&rsquo;annonce, promet d&rsquo;\u00eatre beau et ensoleill\u00e9 ! Les temp\u00e9ratures vont conna\u00eetre une hausse de plusieurs degr\u00e9s. Les valeurs s&rsquo;\u00e9chelonneront de 21 \u00e0 23\u00b0C. Demain soir, apr\u00e8s quelques passages nuageux, le vent va peu \u00e0 peu \u00e9loigner la grisaille. On pr\u00e9voit des valeurs d&rsquo;environ 18\u00b0C. Un vent de sud soufflera un peu, avec 5 km\/h.<\/p>\n<p>Pour les jours qui suivent, le temps ne changera pas. On s&rsquo;attend \u00e0 des journ\u00e9es ensoleill\u00e9es, accompagn\u00e9es par des temp\u00e9ratures dans les 25\u00b0C en moyenne.<\/p>\n<p><\/p>\n","protected":false},"excerpt":{"rendered":"Le soleil se fera attendre aujourd&rsquo;hui sur Lyon, o\u00f9 des nuages sont bien install\u00e9s. Les temp\u00e9ratures avoisineront les&hellip;\n","protected":false},"author":2,"featured_media":357214,"comment_status":"","ping_status":"","sticky":false,"template":"","format":"standard","meta":{"footnotes":""},"categories":[1889],"tags":[1111,11,2430,1777,674,1011,27,2428,12,2119,25,2429,2431],"class_list":{"0":"post-357213","1":"post","2":"type-post","3":"status-publish","4":"format-standard","5":"has-post-thumbnail","7":"category-lyon","8":"tag-actu","9":"tag-actualites","10":"tag-auvergne-rhone-alpes","11":"tag-eu","12":"tag-europe","13":"tag-fr","14":"tag-france","15":"tag-lyon","16":"tag-news","17":"tag-previsions-meteo","18":"tag-republique-francaise","19":"tag-rhone","20":"tag-rhone-alpes"},"share_on_mastodon":{"url":"https:\/\/pubeurope.com\/@fr\/115126005198201087","error":""},"_links":{"self":[{"href":"https:\/\/www.europesays.com\/fr\/wp-json\/wp\/v2\/posts\/357213","targetHints":{"allow":["GET"]}}],"collection":[{"href":"https:\/\/www.europesays.com\/fr\/wp-json\/wp\/v2\/posts"}],"about":[{"href":"https:\/\/www.europesays.com\/fr\/wp-json\/wp\/v2\/types\/post"}],"author":[{"embeddable":true,"href":"https:\/\/www.europesays.com\/fr\/wp-json\/wp\/v2\/users\/2"}],"replies":[{"embeddable":true,"href":"https:\/\/www.europesays.com\/fr\/wp-json\/wp\/v2\/comments?post=357213"}],"version-history":[{"count":0,"href":"https:\/\/www.europesays.com\/fr\/wp-json\/wp\/v2\/posts\/357213\/revisions"}],"wp:featuredmedia":[{"embeddable":true,"href":"https:\/\/www.europesays.com\/fr\/wp-json\/wp\/v2\/media\/357214"}],"wp:attachment":[{"href":"https:\/\/www.europesays.com\/fr\/wp-json\/wp\/v2\/media?parent=357213"}],"wp:term":[{"taxonomy":"category","embeddable":true,"href":"https:\/\/www.europesays.com\/fr\/wp-json\/wp\/v2\/categories?post=357213"},{"taxonomy":"post_tag","embeddable":true,"href":"https:\/\/www.europesays.com\/fr\/wp-json\/wp\/v2\/tags?post=357213"}],"curies":[{"name":"wp","href":"https:\/\/api.w.org\/{rel}","templated":true}]}}