{"id":357215,"date":"2025-08-31T23:36:12","date_gmt":"2025-08-31T23:36:12","guid":{"rendered":"https:\/\/www.europesays.com\/fr\/357215\/"},"modified":"2025-08-31T23:36:12","modified_gmt":"2025-08-31T23:36:12","slug":"quelles-perturbations-prevoir-pour-la-ratp-et-la-sncf-cette-semaine-36","status":"publish","type":"post","link":"https:\/\/www.europesays.com\/fr\/357215\/","title":{"rendered":"Quelles perturbations pr\u00e9voir pour la RATP et la SNCF cette semaine\u00a0?"},"content":{"rendered":"<p>La semaine de la rentr\u00e9e pr\u00e9voit d\u2019\u00eatre anim\u00e9e \u00e0 Paris et en \u00cele-de-France. Le m\u00e9tro devrait \u00eatre fiable sur presque toutes les lignes, tandis que le RER, le transilien et le tramway conna\u00eetront plus de perturbations du lundi\u00a01er au dimanche 7\u00a0septembre 2025. Voici ce qui attend les voyageurs\u00a0:<\/p>\n<p>Les perturbations sur le m\u00e9tro, RER, transilien et tramway cette semaine \u00e0 Paris et en \u00cele-de-FranceM\u00e9tro<\/p>\n<ul>\n<li>Ligne 6\u00a0: jusqu\u2019au 28\u00a0septembre, l\u2019arr\u00eat ne sera pas desservi \u00e0 Cambronne (travaux).<\/li>\n<\/ul>\n<p>RER<\/p>\n<ul>\n<li>RER A\u00a0: jusqu\u2019au vendredi 10\u00a0octobre, \u00e0 partir de 22h45, Le trafic sera interrompu entre Paris Gare du Nord et <a href=\"https:\/\/www.20minutes.fr\/dossier\/aeroport\" class=\"c-link c-link--is-underlined\" target=\"_blank\" rel=\"noopener\">A\u00e9roport<\/a> <a href=\"https:\/\/www.20minutes.fr\/dossier\/charles_de_gaulle\" class=\"c-link c-link--is-underlined\" target=\"_blank\" rel=\"noopener\">Charles De Gaulle<\/a> 2-TGV\/Mitry-Claye. Des bus de remplacement seront mis en place.<\/li>\n<li>RER C\u00a0: Samedi\u00a06 et dimanche\u00a07, le trafic sera interrompu entre Paris Austerlitz et Juvisy via Choisy le Roi. Le dernier train au d\u00e9part de Juvisy pour Paris Austerlitz sera \u00e0 22h59. Le dernier train au d\u00e9part de Paris Austerlitz pour Juvisy sera \u00e0 23h36. Des bus de remplacement seront mis en place. En ce qui concerne le <a href=\"https:\/\/www.20minutes.fr\/dossier\/week-end\" class=\"c-link c-link--is-underlined\" target=\"_blank\" rel=\"noopener\">week-end<\/a>, les gares de Villeneuve le Roi, Ablon et Athis Mons ne seront pas desservies par les trains \u00e0 destination de Juvisy. Il faudra se reporter sur les bus de ville.<\/li>\n<li><a href=\"https:\/\/www.20minutes.fr\/dossier\/rer_d\" class=\"c-link c-link--is-underlined\" target=\"_blank\" rel=\"noopener\">RER D<\/a>\u00a0: jusqu\u2019au 31\u00a0octobre, du lundi au vendredi \u00e0 partir de 23h20, le trafic sera interrompu entre Gare du Nord et Creil (travaux). Des bus de remplacement seront mis en place.<\/li>\n<\/ul>\n<p>Transilien<\/p>\n<ul>\n<li>Ligne K\u00a0: jusqu\u2019au vendredi 19\u00a0d\u00e9cembre en soir\u00e9e, le trafic sera interrompu entre Paris Gare du Nord et Cr\u00e9py-en-Valois.<\/li>\n<li>Ligne L\u00a0: le trafic de la Ligne L est perturb\u00e9 le 1er\u00a0septembre \u00e0 cause d\u2019un mouvement social. Veuillez pr\u00e9voir 2 trains sur 3 environ.<\/li>\n<li>Ligne N\u00a0: jusqu\u2019au vendredi 12\u00a0d\u00e9cembre, le trafic sera interrompu entre Paris Est et Coulommiers en semaine d\u00e8s 21h30.<\/li>\n<li>Ligne R\u00a0: jusqu\u2019au vendredi 19\u00a0septembre, le trafic sera interrompu entre Melun et Montereau via H\u00e9ricy. Des bus de remplacement seront mis en place.<\/li>\n<li>Ligne U\u00a0: jusqu\u2019au vendredi 12\u00a0septembre, le trafic sera interrompu entre La D\u00e9fense et La Verri\u00e8re. Le dernier train de La D\u00e9fense pour La Verri\u00e8re\u00a0: VERI de 22h15. Le dernier train de La Verri\u00e8re pour <a href=\"https:\/\/www.20minutes.fr\/dossier\/la_defense\" class=\"c-link c-link--is-underlined\" target=\"_blank\" rel=\"noopener\">La D\u00e9fense<\/a>\u00a0: DEFI de 21h20. Des bus de remplacement seront mis en place.<\/li>\n<li>Ligne V\u00a0: du samedi 06 au dimanche 07 septembre, le trafic sera interrompu sur l\u2019ensemble de la ligne V. Des bus de remplacement seront mis en place.<\/li>\n<\/ul>\n<p>Tramway<\/p>\n<ul>\n<li>T1\u00a0: le trafic sera interrompu entre Asni\u00e8res \u2013 Quatre Routes et Gare de Saint-Denis et perturb\u00e9 sur le reste de la ligne (d\u00e9gradation par un tiers \u00e0 L\u2019\u00cele-Saint-Denis). Aucune reprise n\u2019est pr\u00e9vue jusqu\u2019\u00e0 nouvel ordre.<\/li>\n<li>T2\u00a0: jusqu\u2019au 2\u00a0novembre 2025, le trafic sera interrompu entre Porte de Versailles et Suzanne Lenglen (travaux). Pour rejoindre la Porte de Versailles, depuis Suzanne Lenglen, allez-y \u00e0 pied la station Balard du T3a.<\/li>\n<li>T4\u00a0: du lundi 1er\u00a0septembre au soir au samedi 4\u00a0octobre au matin, le trafic sera interrompu entre les stations Gargan et Aulnay-sous-Bois dans les deux sens d\u00e8s 22h55. Le dernier tram au d\u00e9part d\u2019Aulnay-sous-Bois et Bondy partira \u00e0 22h47. Les tramways circuleront entre Bondy et H\u00f4pital de Montfermeil jusqu\u2019\u00e0 la fin de service. Ils desserviront les stations entre Bondy et Gargan. Le premier tram de Bondy vers Aulnay-sous-Bois sera \u00e0 5h06 du mardi au vendredi et \u00e0 5h15 le samedi. Le premier tram d\u2019<a href=\"https:\/\/www.20minutes.fr\/economie\/aulnay\/\" class=\"c-link c-link--is-underlined\" target=\"_blank\" rel=\"noopener\">Aulnay-sous-Bois<\/a> vers <a href=\"https:\/\/www.20minutes.fr\/dossier\/bondy\" class=\"c-link c-link--is-underlined\" target=\"_blank\" rel=\"noopener\">Bondy<\/a> sera \u00e0 5h04 du mardi au vendredi et \u00e0 5h18 le samedi. Un service de bus de remplacement sera mis en place avec desserte des stations interm\u00e9diaires.<\/li>\n<\/ul>\n","protected":false},"excerpt":{"rendered":"La semaine de la rentr\u00e9e pr\u00e9voit d\u2019\u00eatre anim\u00e9e \u00e0 Paris et en \u00cele-de-France. Le m\u00e9tro devrait \u00eatre fiable&hellip;\n","protected":false},"author":2,"featured_media":357216,"comment_status":"","ping_status":"","sticky":false,"template":"","format":"standard","meta":{"footnotes":""},"categories":[1592],"tags":[1111,11,1777,674,1011,27,662,12,626,1306,25,12443,2803],"class_list":{"0":"post-357215","1":"post","2":"type-post","3":"status-publish","4":"format-standard","5":"has-post-thumbnail","7":"category-ile-de-france","8":"tag-actu","9":"tag-actualites","10":"tag-eu","11":"tag-europe","12":"tag-fr","13":"tag-france","14":"tag-ile-de-france","15":"tag-news","16":"tag-paris","17":"tag-regions","18":"tag-republique-francaise","19":"tag-transilien","20":"tag-transport"},"share_on_mastodon":{"url":"https:\/\/pubeurope.com\/@fr\/115126008902636142","error":""},"_links":{"self":[{"href":"https:\/\/www.europesays.com\/fr\/wp-json\/wp\/v2\/posts\/357215","targetHints":{"allow":["GET"]}}],"collection":[{"href":"https:\/\/www.europesays.com\/fr\/wp-json\/wp\/v2\/posts"}],"about":[{"href":"https:\/\/www.europesays.com\/fr\/wp-json\/wp\/v2\/types\/post"}],"author":[{"embeddable":true,"href":"https:\/\/www.europesays.com\/fr\/wp-json\/wp\/v2\/users\/2"}],"replies":[{"embeddable":true,"href":"https:\/\/www.europesays.com\/fr\/wp-json\/wp\/v2\/comments?post=357215"}],"version-history":[{"count":0,"href":"https:\/\/www.europesays.com\/fr\/wp-json\/wp\/v2\/posts\/357215\/revisions"}],"wp:featuredmedia":[{"embeddable":true,"href":"https:\/\/www.europesays.com\/fr\/wp-json\/wp\/v2\/media\/357216"}],"wp:attachment":[{"href":"https:\/\/www.europesays.com\/fr\/wp-json\/wp\/v2\/media?parent=357215"}],"wp:term":[{"taxonomy":"category","embeddable":true,"href":"https:\/\/www.europesays.com\/fr\/wp-json\/wp\/v2\/categories?post=357215"},{"taxonomy":"post_tag","embeddable":true,"href":"https:\/\/www.europesays.com\/fr\/wp-json\/wp\/v2\/tags?post=357215"}],"curies":[{"name":"wp","href":"https:\/\/api.w.org\/{rel}","templated":true}]}}