{"id":357217,"date":"2025-08-31T23:37:10","date_gmt":"2025-08-31T23:37:10","guid":{"rendered":"https:\/\/www.europesays.com\/fr\/357217\/"},"modified":"2025-08-31T23:37:10","modified_gmt":"2025-08-31T23:37:10","slug":"quelles-perturbations-prevoir-pour-la-ratp-et-la-sncf-cette-semaine-37","status":"publish","type":"post","link":"https:\/\/www.europesays.com\/fr\/357217\/","title":{"rendered":"Quelles perturbations pr\u00e9voir pour la RATP et la SNCF cette semaine ?"},"content":{"rendered":"<p class=\"mb-4 text-lg md:leading-8 break-words\"><strong>TRANSPORTS &#8211; Du 1er au 7 septembre, plusieurs changements sont \u00e0 anticiper sur les lignes de transport parisiennes et franciliennes. Faisons le point<\/strong><\/p>\n<p class=\"mb-4 text-lg md:leading-8 break-words\">La semaine de la rentr\u00e9e pr\u00e9voit d\u2019\u00eatre anim\u00e9e \u00e0 Paris et en \u00cele-de-France. Le m\u00e9tro devrait \u00eatre fiable sur presque toutes les lignes, tandis que le RER, le transilien et le tramway conna\u00eetront plus de perturbations du lundi 1er au dimanche 7 septembre 2025. Voici ce qui attend les voyageurs :<\/p>\n<p>Les perturbations sur le m\u00e9tro, RER, transilien et tramway cette semaine \u00e0 Paris et en \u00cele-de-FranceM\u00e9tro<\/p>\n<ul class=\"mb-4\">\n<li class=\"ml-4 list-disc\">\n<p class=\"mb-4 text-lg md:leading-8 break-words\">Ligne 6 : jusqu\u2019au 28 septembre, l\u2019arr\u00eat ne sera pas desservi \u00e0 Cambronne (travaux).<\/p>\n<\/li>\n<\/ul>\n<p>RER<\/p>\n<ul class=\"mb-4\">\n<li class=\"ml-4 list-disc\">\n<p class=\"mb-4 text-lg md:leading-8 break-words\">RER A : jusqu\u2019au vendredi 10 octobre, \u00e0 partir de 22h45, Le trafic sera interrompu entre Paris Gare du Nord et <a href=\"https:\/\/www.20minutes.fr\/dossier\/aeroport?at_medium=RSS%20feed&amp;at_campaign=ynews&amp;utm_source=yahoo&amp;utm_medium=rss&amp;utm_campaign=news_feed&amp;utm_content=in_article_link\" rel=\"nofollow noopener\" target=\"_blank\" data-ylk=\"slk:A\u00e9roport;elm:context_link;itc:0;sec:content-canvas\" class=\"link \">A\u00e9roport<\/a> <a href=\"https:\/\/www.20minutes.fr\/dossier\/charles_de_gaulle?at_medium=RSS%20feed&amp;at_campaign=ynews&amp;utm_source=yahoo&amp;utm_medium=rss&amp;utm_campaign=news_feed&amp;utm_content=in_article_link\" rel=\"nofollow noopener\" target=\"_blank\" data-ylk=\"slk:Charles De Gaulle;elm:context_link;itc:0;sec:content-canvas\" class=\"link \">Charles De Gaulle<\/a> 2-TGV\/Mitry-Claye. Des bus de remplacement seront mis en place.<\/p>\n<\/li>\n<li class=\"ml-4 list-disc\">\n<p class=\"mb-4 text-lg md:leading-8 break-words\">RER C : Samedi 6 et dimanche 7, le trafic sera interrompu entre Paris Austerlitz et Juvisy via Choisy le Roi. Le dernier train au d\u00e9part de Juvisy pour Paris Austerlitz sera \u00e0 22h59. Le dernier train au d\u00e9part de Paris Austerlitz pour Juvisy sera \u00e0 23h36. Des bus de remplacement seront mis en place. En ce qui concerne le <a href=\"https:\/\/www.20minutes.fr\/dossier\/week-end?at_medium=RSS%20feed&amp;at_campaign=ynews&amp;utm_source=yahoo&amp;utm_medium=rss&amp;utm_campaign=news_feed&amp;utm_content=in_article_link\" rel=\"nofollow noopener\" target=\"_blank\" data-ylk=\"slk:week-end;elm:context_link;itc:0;sec:content-canvas\" class=\"link \">week-end<\/a>, les gares de Villeneuve le Roi, Ablon et Athis Mons ne seront pas desservies par les trains \u00e0 destination de Juvisy. Il faudra se reporter sur les bus de ville.<\/p>\n<\/li>\n<li class=\"ml-4 list-disc\">\n<p class=\"mb-4 text-lg md:leading-8 break-words\"><a href=\"https:\/\/www.20minutes.fr\/dossier\/rer_d?at_medium=RSS%20feed&amp;at_campaign=ynews&amp;utm_source=yahoo&amp;utm_medium=rss&amp;utm_campaign=news_feed&amp;utm_content=in_article_link\" rel=\"nofollow noopener\" target=\"_blank\" data-ylk=\"slk:RER D;elm:context_link;itc:0;sec:content-canvas\" class=\"link \">RER D<\/a> : jusqu\u2019au 31 octobre, du lundi au vendredi \u00e0 partir de 23h20, le trafic sera interrompu entre Gare du Nord et Creil (travaux). Des bus de remplacement seront mis en place.<\/p>\n<\/li>\n<\/ul>\n<p>Transilien<\/p>\n<ul class=\"mb-4\">\n<li class=\"ml-4 list-disc\">\n<p class=\"mb-4 text-lg md:leading-8 break-words\">Ligne K : jusqu\u2019au vendredi 19 d\u00e9cembre en soir\u00e9e, le trafic sera interrompu entre Paris Gare du Nord et Cr\u00e9py-en-Valois.<\/p>\n<\/li>\n<\/ul>\n<p class=\"mb-4 text-lg md:leading-8 break-words\">(&#8230;)<\/p>\n<p class=\"mb-4 text-lg md:leading-8 break-words\"><a href=\"https:\/\/www.20minutes.fr\/paris\/4170427-20250901-paris-ile-france-perturbations-prevoir-ratp-sncf-semaine?at_medium=RSS%20feed&amp;at_campaign=ynews&amp;utm_source=yahoo&amp;utm_medium=rss&amp;utm_campaign=news_feed&amp;utm_content=read_more_link&quot;\" rel=\"nofollow noopener\" target=\"_blank\" data-ylk=\"slk:Lire la suite sur 20minutes;elm:context_link;itc:0;sec:content-canvas\" class=\"link \">Lire la suite sur 20minutes<\/a><\/p>\n<p>\u00c0 lire aussi :<br \/><a href=\"https:\/\/www.20minutes.fr\/societe\/4170406-20250831-bouches-rhone-rentree-scolaire-reportee-mardi-raison-intemperies?at_medium=RSS%20feed&amp;at_campaign=ynews&amp;utm_source=yahoo&amp;utm_medium=rss&amp;utm_campaign=news_feed&amp;utm_content=related_content_link\" rel=\"nofollow noopener\" target=\"_blank\" data-ylk=\"slk:La rentr\u00e9e scolaire report\u00e9e \u00e0 mardi dans plusieurs d\u00e9partements en raison des intemp\u00e9ries;elm:context_link;itc:0;sec:content-canvas\" class=\"link \">La rentr\u00e9e scolaire report\u00e9e \u00e0 mardi dans plusieurs d\u00e9partements en raison des intemp\u00e9ries<\/a><br \/><a href=\"https:\/\/www.20minutes.fr\/faits_divers\/faits-divers-paris\/4169982-20250828-seine-saint-denis-chauffeur-bus-hospitalise-apres-avoir-poignarde-collegue?at_medium=RSS%20feed&amp;at_campaign=ynews&amp;utm_source=yahoo&amp;utm_medium=rss&amp;utm_campaign=news_feed&amp;utm_content=related_content_link\" rel=\"nofollow noopener\" target=\"_blank\" data-ylk=\"slk:Seine-Saint-Denis : Un chauffeur de bus hospitalis\u00e9 apr\u00e8s avoir \u00e9t\u00e9 poignard\u00e9 par un coll\u00e8gue;elm:context_link;itc:0;sec:content-canvas\" class=\"link \">Seine-Saint-Denis : Un chauffeur de bus hospitalis\u00e9 apr\u00e8s avoir \u00e9t\u00e9 poignard\u00e9 par un coll\u00e8gue<\/a><\/p>\n","protected":false},"excerpt":{"rendered":"TRANSPORTS &#8211; Du 1er au 7 septembre, plusieurs changements sont \u00e0 anticiper sur les lignes de transport parisiennes&hellip;\n","protected":false},"author":2,"featured_media":357218,"comment_status":"","ping_status":"","sticky":false,"template":"","format":"standard","meta":{"footnotes":""},"categories":[1592],"tags":[1111,11,1777,674,1011,27,662,49292,8931,12,626,22865,49291,25,12396],"class_list":{"0":"post-357217","1":"post","2":"type-post","3":"status-publish","4":"format-standard","5":"has-post-thumbnail","7":"category-ile-de-france","8":"tag-actu","9":"tag-actualites","10":"tag-eu","11":"tag-europe","12":"tag-fr","13":"tag-france","14":"tag-ile-de-france","15":"tag-le-dernier-train","16":"tag-lignes-de-transport","17":"tag-news","18":"tag-paris","19":"tag-paris-austerlitz","20":"tag-paris-gare-du-nord","21":"tag-republique-francaise","22":"tag-rer"},"share_on_mastodon":{"url":"https:\/\/pubeurope.com\/@fr\/115126012709063566","error":""},"_links":{"self":[{"href":"https:\/\/www.europesays.com\/fr\/wp-json\/wp\/v2\/posts\/357217","targetHints":{"allow":["GET"]}}],"collection":[{"href":"https:\/\/www.europesays.com\/fr\/wp-json\/wp\/v2\/posts"}],"about":[{"href":"https:\/\/www.europesays.com\/fr\/wp-json\/wp\/v2\/types\/post"}],"author":[{"embeddable":true,"href":"https:\/\/www.europesays.com\/fr\/wp-json\/wp\/v2\/users\/2"}],"replies":[{"embeddable":true,"href":"https:\/\/www.europesays.com\/fr\/wp-json\/wp\/v2\/comments?post=357217"}],"version-history":[{"count":0,"href":"https:\/\/www.europesays.com\/fr\/wp-json\/wp\/v2\/posts\/357217\/revisions"}],"wp:featuredmedia":[{"embeddable":true,"href":"https:\/\/www.europesays.com\/fr\/wp-json\/wp\/v2\/media\/357218"}],"wp:attachment":[{"href":"https:\/\/www.europesays.com\/fr\/wp-json\/wp\/v2\/media?parent=357217"}],"wp:term":[{"taxonomy":"category","embeddable":true,"href":"https:\/\/www.europesays.com\/fr\/wp-json\/wp\/v2\/categories?post=357217"},{"taxonomy":"post_tag","embeddable":true,"href":"https:\/\/www.europesays.com\/fr\/wp-json\/wp\/v2\/tags?post=357217"}],"curies":[{"name":"wp","href":"https:\/\/api.w.org\/{rel}","templated":true}]}}